{"id":78,"date":"2017-08-25T14:33:48","date_gmt":"2017-08-25T14:33:48","guid":{"rendered":"https:\/\/abufri.wordpress.com\/?p=78"},"modified":"2019-09-11T07:09:23","modified_gmt":"2019-09-11T07:09:23","slug":"wasser-fliesst","status":"publish","type":"post","link":"https:\/\/abuchecker.ch\/abufri\/?p=78","title":{"rendered":"Wasser fliesst"},"content":{"rendered":"<p>Rund 309 Liter Wasser braucht jede Freiburgerin und jeder Freiburger pro Tag. Zum Trinken, Waschen, Kochen oder Duschen drehen wir einfach den Hahn auf, und schon fliesst Wasser \u2013 f\u00fcr uns eine Selbstverst\u00e4ndlichkeit, weil wir keine Sekunde dar\u00fcber nachdenken m\u00fcssen, ob das Wasser einwandfrei ist. Dass dies so ist und bleibt, daf\u00fcr sorgen in der Schweiz rund 2500 Wasserversorgungsunternehmen. Weil das Rohwasser von so guter Qualit\u00e4t ist, muss das Wasser nur selten aufwendig aufbereitet werden. Die Freiburger Haushalte werden zu<\/p>\n<p>75 Prozent mit Grundwasser und zu 25 Prozent mit Wasser aus den Seen versorgt. Zwei Prozent des j\u00e4hrlichen Niederschlags k\u00f6nnen den Bedarf an Trink-, Brauch- und L\u00f6schwasser der ganzen Schweiz komplett abdecken.<\/p>\n<p>Die diesj\u00e4hrige Sense-Beilage der\u00a0\u00abFreiburger Nachrichten\u00bb ist dem kostbaren Gut gewidmet: Wasser als lebenswichtige Ressource, als Faktor der Biodiversit\u00e4t, als Energietr\u00e4ger, Quelle des Wohlbefindens, aber auch als Naturgewalt. Wir gehen zum Beispiel der Frage nach, wie es um die Wasserver- sorgung im Bezirk steht: Gibt es gen\u00fcgend Wasser, um auch in trockenen Sommern alle Haushalte zu versorgen? Und was tut ein Brunnenmeister, da- mit das Wasser von der Quelle in den Wasserhahn gelangt?<\/p>\n<p>Link Abuchecker:\u00a0<a href=\"http:\/\/www.epaifribourg.ch\/campusvirtuel\/uploads\/docs_DE\/abut7\/Dossier%20Wasser.docx\">Dossier Wasser<\/a><\/p>\n<p><a href=\"http:\/\/www.epaifribourg.ch\/campusvirtuel\/index.php\/de\/themen\/t7-der-mensch-und-seine-umwelt\/klima.htm\">T7: Umwelt_Der Mensch und seine Umwelt<\/a><\/p>\n","protected":false},"excerpt":{"rendered":"<p>Experten f\u00fcr die Sensler Wasserversorgung: Die Ingenieure Ernst (rechts) und Martin Fuchs im Wasserreservoir R\u00fcteli in Tafers.\u200bBild Aldo Ellena<\/p>\n","protected":false},"author":1,"featured_media":89,"comment_status":"open","ping_status":"open","sticky":false,"template":"","format":"standard","meta":{"footnotes":""},"categories":[4,5,8,10,42,43,44],"tags":[47,53,70,103,123,132,134,141,149,163,164,165],"class_list":["post-78","post","type-post","status-publish","format-standard","has-post-thumbnail","hentry","category-3-lehrjahr","category-4-lehrjahr","category-arbeit","category-oekologie","category-wirtschaft_investition","category-wirtschaft_konsum","category-wirtschaft_produktion","tag-abwasserreinigung","tag-ara","tag-biodiversitaet","tag-hitzesommer","tag-naturgewalt","tag-renaturierung","tag-ressource","tag-sense","tag-sup","tag-wasser","tag-wasserknappheit","tag-wasserversorgung"],"_links":{"self":[{"href":"https:\/\/abuchecker.ch\/abufri\/index.php?rest_route=\/wp\/v2\/posts\/78","targetHints":{"allow":["GET"]}}],"collection":[{"href":"https:\/\/abuchecker.ch\/abufri\/index.php?rest_route=\/wp\/v2\/posts"}],"about":[{"href":"https:\/\/abuchecker.ch\/abufri\/index.php?rest_route=\/wp\/v2\/types\/post"}],"author":[{"embeddable":true,"href":"https:\/\/abuchecker.ch\/abufri\/index.php?rest_route=\/wp\/v2\/users\/1"}],"replies":[{"embeddable":true,"href":"https:\/\/abuchecker.ch\/abufri\/index.php?rest_route=%2Fwp%2Fv2%2Fcomments&post=78"}],"version-history":[{"count":1,"href":"https:\/\/abuchecker.ch\/abufri\/index.php?rest_route=\/wp\/v2\/posts\/78\/revisions"}],"predecessor-version":[{"id":903,"href":"https:\/\/abuchecker.ch\/abufri\/index.php?rest_route=\/wp\/v2\/posts\/78\/revisions\/903"}],"wp:featuredmedia":[{"embeddable":true,"href":"https:\/\/abuchecker.ch\/abufri\/index.php?rest_route=\/wp\/v2\/media\/89"}],"wp:attachment":[{"href":"https:\/\/abuchecker.ch\/abufri\/index.php?rest_route=%2Fwp%2Fv2%2Fmedia&parent=78"}],"wp:term":[{"taxonomy":"category","embeddable":true,"href":"https:\/\/abuchecker.ch\/abufri\/index.php?rest_route=%2Fwp%2Fv2%2Fcategories&post=78"},{"taxonomy":"post_tag","embeddable":true,"href":"https:\/\/abuchecker.ch\/abufri\/index.php?rest_route=%2Fwp%2Fv2%2Ftags&post=78"}],"curies":[{"name":"wp","href":"https:\/\/api.w.org\/{rel}","templated":true}]}}