{"id":769,"date":"2019-04-30T15:24:17","date_gmt":"2019-04-30T13:24:17","guid":{"rendered":"https:\/\/abufri.wordpress.com\/?p=769"},"modified":"2019-10-17T09:31:35","modified_gmt":"2019-10-17T09:31:35","slug":"die-eu-hat-auch-ein-parlament-und-dies-wird-im-mai-neu-gewaehlt","status":"publish","type":"post","link":"https:\/\/abuchecker.ch\/abufri\/?p=769","title":{"rendered":"Die EU hat auch ein Parlament und dies wird im Mai neu gew\u00e4hlt"},"content":{"rendered":"<p>400 Millionen Europ\u00e4erinnen und Europ\u00e4er w\u00e4hlen ein neues europ\u00e4isches Parlament. Das ist auch f\u00fcr die Schweiz von Bedeutung: Die meisten EU-Gesetze, welche die Schweiz \u00fcbernimmt, wurden zuvor vom EU-Parlament verabschiedet. Die folgende Grafik (<a href=\"https:\/\/bdwr.files.wordpress.com\/2019\/04\/organe-eu.pdf\">Organe der EU<\/a>) \u00a0zeigt, wer in der EU \u00fcber die Gesetze ber\u00e4t und diese zur Abstimmung bringt. Der folgende Filmausschnitt weist auf die Bedeutung der EU f\u00fcr die Schweiz hin, gerade f\u00fcr gesetzliche Bestimmungen. \u00a0(<a href=\"http:\/\/172.23.24.50\/?page=view&amp;id=1362\" target=\"_blank\" rel=\"noopener noreferrer\">Ausschnitt v. 10 vor 10 (4 Min.)<\/a>)<\/p>\n<ul>\n<li>Wer entscheidet dann endg\u00fcltig \u00fcber Annahme oder Ablehnung \u00fcber ein Gesetz?<\/li>\n<li>Was sind die Unterschied in der Gesetzgebung verglichen mit der Schweiz?<\/li>\n<\/ul>\n<p>&nbsp;<\/p>\n<p><strong>Abstimmung \u00fcber das Waffengesezt am 19.5.2019<\/strong><\/p>\n<p>Nach der Neuregelung der Roaminggeb\u00fchren (Abschaffung) und anderen Vorlagen wird in der n\u00e4chsten Abstimmung \u00fcber das neue Waffengesetz der EU diskutiert. Nimmt die Schweiz die Versch\u00e4rfung der EU an, wird das Gesetz angepasst. Auf der Homepage <a href=\"https:\/\/www.easyvote.ch\/de\/abstimmungen\/waffengesetz\/\" target=\"_blank\" rel=\"noopener noreferrer\">www.easyvote.ch<\/a> informiert das Erkl\u00e4rvideo \u00fcber die aktuelle gesetzliche Lage in der Schweiz. Des weiteren werden die m\u00f6glichen \u00c4nderungen f\u00fcr die Schweiz aufgef\u00fchrt und mit evtl. Vor- und Nachteilen ein Fazit gezogen.<\/p>\n<p>Offene Fragen:<\/p>\n<ul>\n<li>Wer unterst\u00fctzt das neue Waffengesetz? Wer ist dagegen?<\/li>\n<li>Was hat das Schengen\/Dublin Abkommen mit der Vorlage zu tun?<\/li>\n<li>Welche Konsequenzen ergeben sich evtl. bei einer Ablehnung des neuen Gesetzes?<\/li>\n<li>Was ist Ihre Meinung dazu?<\/li>\n<\/ul>\n<p>&nbsp;<\/p>\n","protected":false},"excerpt":{"rendered":"<p>400 Millionen Europ\u00e4erinnen und Europ\u00e4er w\u00e4hlen ein neues europ\u00e4isches Parlament. Das ist auch f\u00fcr die Schweiz von Bedeutung: Die meisten&hellip;<\/p>\n","protected":false},"author":1,"featured_media":0,"comment_status":"open","ping_status":"open","sticky":false,"template":"","format":"standard","meta":{"footnotes":""},"categories":[3,4,5,175,30],"tags":[],"class_list":["post-769","post","type-post","status-publish","format-standard","hentry","category-2-lehrjahr","category-3-lehrjahr","category-4-lehrjahr","category-eu","category-politik"],"_links":{"self":[{"href":"https:\/\/abuchecker.ch\/abufri\/index.php?rest_route=\/wp\/v2\/posts\/769","targetHints":{"allow":["GET"]}}],"collection":[{"href":"https:\/\/abuchecker.ch\/abufri\/index.php?rest_route=\/wp\/v2\/posts"}],"about":[{"href":"https:\/\/abuchecker.ch\/abufri\/index.php?rest_route=\/wp\/v2\/types\/post"}],"author":[{"embeddable":true,"href":"https:\/\/abuchecker.ch\/abufri\/index.php?rest_route=\/wp\/v2\/users\/1"}],"replies":[{"embeddable":true,"href":"https:\/\/abuchecker.ch\/abufri\/index.php?rest_route=%2Fwp%2Fv2%2Fcomments&post=769"}],"version-history":[{"count":1,"href":"https:\/\/abuchecker.ch\/abufri\/index.php?rest_route=\/wp\/v2\/posts\/769\/revisions"}],"predecessor-version":[{"id":875,"href":"https:\/\/abuchecker.ch\/abufri\/index.php?rest_route=\/wp\/v2\/posts\/769\/revisions\/875"}],"wp:attachment":[{"href":"https:\/\/abuchecker.ch\/abufri\/index.php?rest_route=%2Fwp%2Fv2%2Fmedia&parent=769"}],"wp:term":[{"taxonomy":"category","embeddable":true,"href":"https:\/\/abuchecker.ch\/abufri\/index.php?rest_route=%2Fwp%2Fv2%2Fcategories&post=769"},{"taxonomy":"post_tag","embeddable":true,"href":"https:\/\/abuchecker.ch\/abufri\/index.php?rest_route=%2Fwp%2Fv2%2Ftags&post=769"}],"curies":[{"name":"wp","href":"https:\/\/api.w.org\/{rel}","templated":true}]}}