{"id":758,"date":"2019-03-13T13:21:15","date_gmt":"2019-03-13T12:21:15","guid":{"rendered":"https:\/\/abufri.wordpress.com\/?p=758"},"modified":"2019-03-13T13:21:15","modified_gmt":"2019-03-13T12:21:15","slug":"elektromobilitaet-wird-sich-nicht-wegen-des-umweltschutzes-durchsetzen","status":"publish","type":"post","link":"https:\/\/abuchecker.ch\/abufri\/?p=758","title":{"rendered":"Elektromobilit\u00e4t wird sich nicht wegen des Umweltschutzes durchsetzen!!!"},"content":{"rendered":"<p>Kennst du die Antwort auf diese Behauptungen bez\u00fcglich Elektroauto?<\/p>\n<ul style=\"text-align:justify;\">\n<li>Die Reichweite ist zu gering<\/li>\n<li>Das Aufladen dauert zu lange<\/li>\n<li>Die Akkus sind nach 5 Jahren schrott<\/li>\n<li>Elektroautos sind zu teuer<\/li>\n<li>Benziner und Diesel wurden in den letzten Jahren auch viel sauberer.<\/li>\n<\/ul>\n<p>&nbsp;<\/p>\n<p style=\"text-align:justify;\">Nicht einfach, oder? Ist nun das Elektroauto die Wahl der Stunde, wenn es um Klimaschutz und CO2 Einsparungen geht? Schwierige Frage. Es gibt Studien, welche behaupten, der Benziner sei sauberer. Doch ein Vergleich des totalen CO2-Ausstosses \u00fcber die gesamte Lebensdauer ist eine komplizierte Rechnung. Hier bin ich auf Martin Rotta gestossen, welcher in seinem Vergleich detailliert mit Quellenangaben arbeitet. Seine Behauptung: Unter dem Stich f\u00e4hrt ein Tesla Model S in der Regel mit weniger CO2 als ein vergleichbarer Brenner. \u00a0Es kommt aber darauf an, wie der Strom produziert wird. Eine kurze \u00dcbersicht\/ Vergleich gibt es <a href=\"http:\/\/www.alainveuve.ch\/wp-content\/uploads\/CO2-Emissionsvergleich-Rotta.pdf\">hier<\/a>. \u00a0Die gesamte und wirklich interessante Arbeit ist <a href=\"https:\/\/austria-forum.org\/web-books\/mythbuster00de2016iicm\/000007\" target=\"_blank\" rel=\"noopener noreferrer\">hier einzusehen<\/a>. Sie gibt Antworten zu vielen konkreten Aussagen und Behauptungen bezgl. E-Mobilit\u00e4t:<\/p>\n<p style=\"text-align:justify;\">Dieser Vergleich und die folgenden Links &amp; Seiten k\u00f6nnen f\u00fcr Lernende, welche sich mit E-Mobilit\u00e4t auseinandersetzen, interessant sein.<\/p>\n<p style=\"text-align:justify;\">Die Behauptungen unten geben auf jeden Fall viel Gespr\u00e4chsstoff.<\/p>\n<ul style=\"text-align:justify;\">\n<li>Die Reichweite ist zu gering<\/li>\n<li>Das Aufladen dauert zu lange<\/li>\n<li>Die Akkus sind nach 5 Jahren schrott<\/li>\n<li>Elektroautos sind zu teuer<\/li>\n<li>Benziner und Diesel wurden in den letzten Jahren auch viel sauberer.<\/li>\n<li>Ein Elektroauto verursacht keine Emissionen<\/li>\n<li>Die Akku- Herstellung ist eine grosse Umweltbelastung?<\/li>\n<li>W\u00fcrden alle Elektroautos fahren, g\u00e4be es Stromausf\u00e4lle<\/li>\n<li>Besser Hybrid als Elektroauto<\/li>\n<\/ul>\n<p>&nbsp;<\/p>\n<p>&nbsp;<\/p>\n<p>&nbsp;<\/p>\n<p>&nbsp;<\/p>\n<p>&nbsp;<\/p>\n<p>&nbsp;<\/p>\n","protected":false},"excerpt":{"rendered":"<p>Kennst du die Antwort auf diese Behauptungen bez\u00fcglich Elektroauto? Die Reichweite ist zu gering Das Aufladen dauert zu lange Die&hellip;<\/p>\n","protected":false},"author":1,"featured_media":759,"comment_status":"open","ping_status":"open","sticky":false,"template":"","format":"standard","meta":{"footnotes":""},"categories":[4,29,12],"tags":[81],"class_list":["post-758","post","type-post","status-publish","format-standard","has-post-thumbnail","hentry","category-3-lehrjahr","category-mobilitaet","category-oekologie_nachhaltigkeit","tag-elektroauto"],"_links":{"self":[{"href":"https:\/\/abuchecker.ch\/abufri\/index.php?rest_route=\/wp\/v2\/posts\/758","targetHints":{"allow":["GET"]}}],"collection":[{"href":"https:\/\/abuchecker.ch\/abufri\/index.php?rest_route=\/wp\/v2\/posts"}],"about":[{"href":"https:\/\/abuchecker.ch\/abufri\/index.php?rest_route=\/wp\/v2\/types\/post"}],"author":[{"embeddable":true,"href":"https:\/\/abuchecker.ch\/abufri\/index.php?rest_route=\/wp\/v2\/users\/1"}],"replies":[{"embeddable":true,"href":"https:\/\/abuchecker.ch\/abufri\/index.php?rest_route=%2Fwp%2Fv2%2Fcomments&post=758"}],"version-history":[{"count":0,"href":"https:\/\/abuchecker.ch\/abufri\/index.php?rest_route=\/wp\/v2\/posts\/758\/revisions"}],"wp:featuredmedia":[{"embeddable":true,"href":"https:\/\/abuchecker.ch\/abufri\/index.php?rest_route=\/wp\/v2\/media\/759"}],"wp:attachment":[{"href":"https:\/\/abuchecker.ch\/abufri\/index.php?rest_route=%2Fwp%2Fv2%2Fmedia&parent=758"}],"wp:term":[{"taxonomy":"category","embeddable":true,"href":"https:\/\/abuchecker.ch\/abufri\/index.php?rest_route=%2Fwp%2Fv2%2Fcategories&post=758"},{"taxonomy":"post_tag","embeddable":true,"href":"https:\/\/abuchecker.ch\/abufri\/index.php?rest_route=%2Fwp%2Fv2%2Ftags&post=758"}],"curies":[{"name":"wp","href":"https:\/\/api.w.org\/{rel}","templated":true}]}}