{"id":752,"date":"2019-02-14T15:03:53","date_gmt":"2019-02-14T15:03:53","guid":{"rendered":"https:\/\/abufri.wordpress.com\/?p=752"},"modified":"2020-08-19T07:28:20","modified_gmt":"2020-08-19T07:28:20","slug":"co2-gesetz-zuerst-bachab-geschickt-und-versenkt-dann-auferstanden-von-den-toten-und-ein-drama-in-3-akten-ausgang-ungewiss","status":"publish","type":"post","link":"https:\/\/abuchecker.ch\/abufri\/?p=752","title":{"rendered":"Wie entsteht ein Gesetz? Eine Chronologie am Beispiel  CO2-Gesetz"},"content":{"rendered":"<p>Wie entsteht ein Gesetz Herr Lehrer? Hmm, schwierig zu erkl\u00e4ren. Das Buch Gesellschaft gibt nur eine sehr theoretische Antwort darauf. Aber ich habe gerade ein passendes Beispiel zur Hand. \u00a0Das CO2-Gesetz, welches seit Januar 2019 modernisiert und den gesellschaftlichen Ver\u00e4nderungen angepasst werden soll.<\/p>\n<p>Das Parlament liefert seit Januar 2019 mit der Revision des CO2-Gesetzes ein interessantes Lehrst\u00fcck wie ein bestehendes Gesetz erneuert werden soll.<\/p>\n<pre><strong>Teil 1&amp;2:\u00a0CO2 \u2013Gesetz \/Teilrevision im Nationalrat (2018\/19)<\/strong><\/pre>\n<p>Den Empfehlungen des Bundesrats folgend sollte ein griffiges, der Zeit entsprechendes CO2-Gesetz mit Massnahmen beschlossen werden, welches der Schweiz (dem Pariser Klimaabkommen folgend) w\u00fcrdig ist. Die Rechnung ging im ersten Anlauf nicht auf. Eine &#8222;unheilige Allianz&#8220; aus b\u00fcrgerlichen Parteien wie SVP \/ FDP \u00a0und der Sozialen Partei (SP) und Gr\u00fcne wollten pl\u00f6tzlich nicht mehr!? Warum? Was war geschehen? Links und Rechts machen gemeinsame Sache?! Das ist schwer nachvollziehbar&#8230;.aber \u00a0folgende Audioausschnitte begleiten \u00a0den Prozess der Gesetzgebung \u00a0und kl\u00e4ren \u00fcber die oben gestellten Fragen auf.<\/p>\n<ul>\n<li><a href=\"https:\/\/www.srf.ch\/news\/schweiz\/debatte-um-co2-gesetz-treibhausgase-massnahmen-ja-aber-nicht-unbedingt-im-inland\" target=\"_blank\" rel=\"noopener noreferrer\">Teil 1: Massnahmen ja, aber nicht unbedingt im Inland<\/a><\/li>\n<\/ul>\n<p>Fragen:<\/p>\n<ol>\n<li>Warum gibt es ein CO2-Gesetz?<\/li>\n<li>Welche Massnahmen wurden vom Parlament beschlossen?<\/li>\n<li>Hat der Bundesrat seine Ziele erreicht?<\/li>\n<\/ol>\n<p>&nbsp;<\/p>\n<ul>\n<li><a href=\"https:\/\/www.srf.ch\/news\/schweiz\/nach-vier-tagen-beratungen-nationalrat-schickt-das-co2-gesetz-bachab\" target=\"_blank\" rel=\"noopener noreferrer\">Teil 2: CO2-Gesetz von Nationalrat bachab geschickt<\/a><\/li>\n<\/ul>\n<p>Fragen:<\/p>\n<ol>\n<li>Das CO2-Gesetz ist im Nationalrat gescheitert. Gr\u00fcnde?<\/li>\n<li>Welche Parteien haben das neue Gesetz bek\u00e4mpft?<\/li>\n<li>Was meint man mit \u00abdas Gesetz wurde verw\u00e4ssert\u00bb?<\/li>\n<li>Was bedeutet \u00abin der Abschlussabstimmung wurde\u00a0 die Vorlage von SP, Gr\u00fcne und SVP versenkt\u00bb?<\/li>\n<\/ol>\n<p>&nbsp;<\/p>\n<pre><strong>Teil 3: Der St\u00e4nderat versus Nationalrat (Februar 2019)<\/strong><\/pre>\n<p>Nachdem der Nationalrat dem Gesetz keine Chancen gibt, ist der St\u00e4nderat an der Reihe. Die Umweltkommission beschliesst \u00fcberraschend andere, zwingendere Massnahmen als der Nationalrat. Die Kommission diskutiert die Frage,ob die Treibhausgasemissionen bis 2030 gegen\u00fcber 1990 zu halbieren sind.Und ob dies im Inland oder Ausland geschehen soll.<\/p>\n<p>Welche Massnahmen wird der St\u00e4nderat\u00a0 beschlossen haben?<\/p>\n<p><a href=\"https:\/\/www.srf.ch\/news\/schweiz\/neues-co2-gesetz-die-sorge-ums-klima-wird-offenbar-gehoert\" target=\"_blank\" rel=\"noopener noreferrer\">Teil 3: Die Sorge ums Klima wird offenbar erh\u00f6rt<\/a><\/p>\n<p>Fragen:<\/p>\n<ol>\n<li>Welche &#8220; anderen&#8220;Massnahmen schl\u00e4gt nun die Kommission des St\u00e4nderats vor?<\/li>\n<li>Eigene Meinung:Hat sich das Parlament vom Druck &#8222;streikender Sch\u00fclerInnen&#8220; beeinflussen lassen um am Ende ein strikteres CO2-Gesetz zu verabschieden? Oder ist der Wahlkampf bereits angebrochen?<\/li>\n<li>Was m\u00fcsste jetzt noch passieren, damit das Gesetz tats\u00e4chlich neu geschrieben werden kann? \u00a0Wie k\u00f6nnte es weitergehen?<\/li>\n<\/ol>\n<p>&nbsp;<\/p>\n<pre><strong>Teil 4: Nationalrat debattiert CO2-Gesetz erneut (Juni 2020)<\/strong><\/pre>\n<p>In der Monsterdebatte zum CO2-Gesetz zeichnet sich jetzt schon ab, dass viele Umweltschutzanliegen im neuen Gesetz verankert werden. Der aktuelle Stand im Rat.<\/p>\n<ul>\n<li><a href=\"https:\/\/www.srf.ch\/play\/tv\/10vor10\/video\/fokus-co2-gesetz---klimaschutz-darf-etwas-kosten?id=8e20f37f-cd9d-4661-9eb5-8d3056622df3\" target=\"_blank\" rel=\"noopener noreferrer\">Klimaschutz darf etwas kosten- aber wo soll gespart werden?<\/a><\/li>\n<li><a href=\"https:\/\/www.srf.ch\/play\/radio\/rendez-vous\/audio\/nationalrat-debattiert-co2-gesetz?id=bdc94707-cffd-44f6-8649-93bc6d42bceb\">Natinalrat debattiert CO2 Gesetz (Radiobeitrag)<\/a><\/li>\n<\/ul>\n<p>&nbsp;<\/p>\n<p>&nbsp;<\/p>\n<pre><a href=\"https:\/\/www.parlament.ch\/de\/ratsbetrieb\/amtliches-bulletin\/amtliches-bulletin-die-verhandlungen?SubjectId=49184\" target=\"_blank\" rel=\"noopener noreferrer\">Teil 5: Totalrevision des CO2-Gesetzes nach 2020 \r\n- Wie entsteht ein Gesetz<\/a><\/pre>\n<div class=\"row business-info-container\">\n<div style=\"text-align: left;\"><\/div>\n<\/div>\n<p>Hier kann die Debatte des Nationalrats chronologisch angeschaut werden. Die einzelnen Voten sind auch als Video verf\u00fcgbar und zeigen sch\u00f6n auf, wie detailliert Gesetzesartikel diskutiert werden. Mit allen Vorschl\u00e4gen von Minderheiten, Mehrheiten etc.<\/p>\n<div class=\"row business-info-container\">\n<p>Chronologie<\/p>\n<\/div>\n<div class=\"row pd-accordion-group wired\" role=\"tablist\">\n<div class=\"accordion-group single col-md-12 chronologie-info ng-scope wired\" data-ng-if=\"meetings.length &gt; 1 &amp;&amp; Pd.Utility.ArrayContains([9001,9002,9003,9004],subjectBusiness.BusinessNumber.modulus(10000)) === false\">\n<div id=\"tab-panel-acc-1\" class=\"accordion-body collapse visible-sm visible-md visible-lg\" role=\"tabpanel\" aria-expanded=\"false\">\n<ul>\n<li><a class=\"gray-up-bold ng-binding ng-scope highlighted inspected inspected-piwik\" href=\"https:\/\/www.parlament.ch\/de\/ratsbetrieb\/amtliches-bulletin\/amtliches-bulletin-die-verhandlungen?SubjectId=49184\" data-ng-class=\"{'highlighted': meeting.IdSubject == subjectId}\" data-ng-repeat=\"meeting in meetings[subjectBusiness.BusinessNumber]\" data-ng-href=\"\/de\/ratsbetrieb\/amtliches-bulletin\/amtliches-bulletin-die-verhandlungen?SubjectId=49184\"> Nationalrat 10.06.2020 <span class=\"ng-binding ng-scope\" data-ng-if=\"meeting.PublishedNotes\">(Fortsetzung &#8211; Suite )<\/span><\/a><\/li>\n<li><a class=\"gray-up-bold ng-binding ng-scope inspected inspected-piwik\" href=\"https:\/\/www.parlament.ch\/de\/ratsbetrieb\/amtliches-bulletin\/amtliches-bulletin-die-verhandlungen?SubjectId=49194\" data-ng-class=\"{'highlighted': meeting.IdSubject == subjectId}\" data-ng-repeat=\"meeting in meetings[subjectBusiness.BusinessNumber]\" data-ng-href=\"\/de\/ratsbetrieb\/amtliches-bulletin\/amtliches-bulletin-die-verhandlungen?SubjectId=49194\"> Nationalrat 10.06.2020 <span class=\"ng-binding ng-scope\" data-ng-if=\"meeting.PublishedNotes\">(Fortsetzung &#8211; Suite )<\/span><\/a><\/li>\n<\/ul>\n<\/div>\n<\/div>\n<\/div>\n","protected":false},"excerpt":{"rendered":"<p>Wie entsteht ein Gesetz Herr Lehrer? Hmm, schwierig zu erkl\u00e4ren. Das Buch Gesellschaft gibt nur eine sehr theoretische Antwort darauf.&hellip;<\/p>\n","protected":false},"author":1,"featured_media":753,"comment_status":"open","ping_status":"open","sticky":false,"template":"","format":"standard","meta":{"footnotes":""},"categories":[4,5,11,30,33],"tags":[99],"class_list":["post-752","post","type-post","status-publish","format-standard","has-post-thumbnail","hentry","category-3-lehrjahr","category-4-lehrjahr","category-oekologie_klimawandel","category-politik","category-recht","tag-gesetz"],"_links":{"self":[{"href":"https:\/\/abuchecker.ch\/abufri\/index.php?rest_route=\/wp\/v2\/posts\/752","targetHints":{"allow":["GET"]}}],"collection":[{"href":"https:\/\/abuchecker.ch\/abufri\/index.php?rest_route=\/wp\/v2\/posts"}],"about":[{"href":"https:\/\/abuchecker.ch\/abufri\/index.php?rest_route=\/wp\/v2\/types\/post"}],"author":[{"embeddable":true,"href":"https:\/\/abuchecker.ch\/abufri\/index.php?rest_route=\/wp\/v2\/users\/1"}],"replies":[{"embeddable":true,"href":"https:\/\/abuchecker.ch\/abufri\/index.php?rest_route=%2Fwp%2Fv2%2Fcomments&post=752"}],"version-history":[{"count":7,"href":"https:\/\/abuchecker.ch\/abufri\/index.php?rest_route=\/wp\/v2\/posts\/752\/revisions"}],"predecessor-version":[{"id":1616,"href":"https:\/\/abuchecker.ch\/abufri\/index.php?rest_route=\/wp\/v2\/posts\/752\/revisions\/1616"}],"wp:featuredmedia":[{"embeddable":true,"href":"https:\/\/abuchecker.ch\/abufri\/index.php?rest_route=\/wp\/v2\/media\/753"}],"wp:attachment":[{"href":"https:\/\/abuchecker.ch\/abufri\/index.php?rest_route=%2Fwp%2Fv2%2Fmedia&parent=752"}],"wp:term":[{"taxonomy":"category","embeddable":true,"href":"https:\/\/abuchecker.ch\/abufri\/index.php?rest_route=%2Fwp%2Fv2%2Fcategories&post=752"},{"taxonomy":"post_tag","embeddable":true,"href":"https:\/\/abuchecker.ch\/abufri\/index.php?rest_route=%2Fwp%2Fv2%2Ftags&post=752"}],"curies":[{"name":"wp","href":"https:\/\/api.w.org\/{rel}","templated":true}]}}