{"id":743,"date":"2018-12-11T09:59:10","date_gmt":"2018-12-11T08:59:10","guid":{"rendered":"https:\/\/abufri.wordpress.com\/?p=743"},"modified":"2018-12-11T09:59:10","modified_gmt":"2018-12-11T08:59:10","slug":"ein-boot-mit-227-menschen-steuert-lampedusa-an","status":"publish","type":"post","link":"https:\/\/abuchecker.ch\/abufri\/?p=743","title":{"rendered":"Ein Boot mit 227  Menschen steuert Lampedusa an."},"content":{"rendered":"<p>Die Fl\u00fcchtlinge &#8211; sie sind als Thema \u00fcberall, in den sozialen Medien, den Schlagzeilen, den Reden der Populisten und jetzt in den Diskussionen um den UNO-Migrations\u00adpakt. Dabei spielen die Schicksale der Vertriebenen selten eine Rolle, und nicht immer geht es um offizielle Zahlen. Und nicht alle Fl\u00fcchtlinge, wie die Populisten sich st\u00e4ndig \u00e4ussern, wollen nach Europa. Hier einige korrekte Zahlen dazu:<\/p>\n<ul>\n<li>Weltweit mussten <strong>68,5 Millionen Menschen ihre Heimat verlassen,<\/strong> davon sind <strong>40 Millionen Binnenvertriebene<\/strong>, also Fl\u00fcchtlinge im eigenen Land.<\/li>\n<li><strong>1 von 6 Menschen<\/strong> im Libanon ist ein Fl\u00fcchtling. =h\u00f6chste Fl\u00fcchtlingsquote). Zum Vergleich 1 von 14 in Jordanien &amp; 1 von 23 in der T\u00fcrkei.<\/li>\n<li><strong>3.5 Mio. Fl\u00fcchtlinge nahm die T\u00fcrkei<\/strong> auf. Am meisten weltweit. Ugand 1.4 Mio. , Pakistan 1.4 Mio. ,Libanon 1 Mio. , Iran 979000 , Deutschland 970 000, Bangladesh 932 000.<\/li>\n<li>Der allergr\u00f6sste Teil jener, die in ein anderes Land fl\u00fcchteten, n\u00e4mlich <strong>85 Prozent aller Fl\u00fcchtlinge<\/strong>, die unter dem Schutz des UNHCR stehen, <strong>lebt in Entwicklungsl\u00e4ndern<\/strong> und <strong>nicht in Europa oder den USA. <\/strong><\/li>\n<li>Die <strong>gr\u00f6ssten Fl\u00fcchtlingslager<\/strong> liegen in<strong> Bangladesh und Uganda. <\/strong><\/li>\n<li><strong>Gewalt und Vertreibung<\/strong> sind die Hauptgr\u00fcnde f\u00fcr die Flucht.<\/li>\n<li>Mehr als <strong>zwei Drittel aller Fl\u00fcchtlinge<\/strong> kommen aus f\u00fcnf L\u00e4ndern, in denen Krieg herrscht wie Syrien,Afgahanistan, S\u00fcdsudan, Burma &amp; Somalia.<\/li>\n<li><strong>52% der Fl\u00fcchtlinge sind Kinder und Jugendliche<\/strong> unter 18 Jahren. 174 000 davon sind ohne Begleitung unterwegs od. von den Verwandten getrennt worden.<\/li>\n<\/ul>\n<p>&nbsp;<\/p>\n<p>Der Zeitungsartikel <strong><a href=\"https:\/\/abuchecker.ch\/abufri\/wp-content\/uploads\/2018\/12\/flucc88chtlinge_sinnbild.docx\">Fl\u00fcchtlinge sind nur Sinnbild f\u00fcr die Fragen unser Zeit<\/a><\/strong>\u00a0in der Sonntagszeitung vom 18.11.2018 (von Alexandra Br\u00f6hm),<strong>\u00a0<\/strong>zeigt auf, dass Populisten die Migration zum Hauptproblem unserer Zeit machen. Dabei werden andere wichtige gesellschaftliche Herausforderungen vernachl\u00e4ssigt.<\/p>\n<p>&nbsp;<\/p>\n<p>&nbsp;<\/p>\n","protected":false},"excerpt":{"rendered":"<p>Die Fl\u00fcchtlinge &#8211; sie sind als Thema \u00fcberall, in den sozialen Medien, den Schlagzeilen, den Reden der Populisten und jetzt&hellip;<\/p>\n","protected":false},"author":1,"featured_media":742,"comment_status":"open","ping_status":"open","sticky":false,"template":"","format":"standard","meta":{"footnotes":""},"categories":[28],"tags":[126],"class_list":["post-743","post","type-post","status-publish","format-standard","has-post-thumbnail","hentry","category-migration","tag-populismus"],"_links":{"self":[{"href":"https:\/\/abuchecker.ch\/abufri\/index.php?rest_route=\/wp\/v2\/posts\/743","targetHints":{"allow":["GET"]}}],"collection":[{"href":"https:\/\/abuchecker.ch\/abufri\/index.php?rest_route=\/wp\/v2\/posts"}],"about":[{"href":"https:\/\/abuchecker.ch\/abufri\/index.php?rest_route=\/wp\/v2\/types\/post"}],"author":[{"embeddable":true,"href":"https:\/\/abuchecker.ch\/abufri\/index.php?rest_route=\/wp\/v2\/users\/1"}],"replies":[{"embeddable":true,"href":"https:\/\/abuchecker.ch\/abufri\/index.php?rest_route=%2Fwp%2Fv2%2Fcomments&post=743"}],"version-history":[{"count":0,"href":"https:\/\/abuchecker.ch\/abufri\/index.php?rest_route=\/wp\/v2\/posts\/743\/revisions"}],"wp:featuredmedia":[{"embeddable":true,"href":"https:\/\/abuchecker.ch\/abufri\/index.php?rest_route=\/wp\/v2\/media\/742"}],"wp:attachment":[{"href":"https:\/\/abuchecker.ch\/abufri\/index.php?rest_route=%2Fwp%2Fv2%2Fmedia&parent=743"}],"wp:term":[{"taxonomy":"category","embeddable":true,"href":"https:\/\/abuchecker.ch\/abufri\/index.php?rest_route=%2Fwp%2Fv2%2Fcategories&post=743"},{"taxonomy":"post_tag","embeddable":true,"href":"https:\/\/abuchecker.ch\/abufri\/index.php?rest_route=%2Fwp%2Fv2%2Ftags&post=743"}],"curies":[{"name":"wp","href":"https:\/\/api.w.org\/{rel}","templated":true}]}}