{"id":731,"date":"2018-11-12T14:06:41","date_gmt":"2018-11-12T13:06:41","guid":{"rendered":"https:\/\/abufri.wordpress.com\/?p=731"},"modified":"2018-11-12T14:06:41","modified_gmt":"2018-11-12T13:06:41","slug":"privatdetektive-wie-schnueffeln-die-uns-eigentlich-aus","status":"publish","type":"post","link":"https:\/\/abuchecker.ch\/abufri\/?p=731","title":{"rendered":"Privatdetektive &#8211; Wie schn\u00fcffeln die uns eigentlich aus?"},"content":{"rendered":"<p>Die Politik will verst\u00e4rkt gegen den Missbrauch von Sozialhilfegeldern vorgehen. Das Parlament steht f\u00fcr ein \u00dcberwachungsgesetz ein, welches erm\u00f6glicht Schweizer B\u00fcrger zu \u00fcberwachen. Zuvor war die verdeckte \u00dcberwachung verboten.<\/p>\n<p>Der Radiobeitrag \u00a0<strong><a href=\"https:\/\/www.srf.ch\/sendungen\/einfachpolitik\/sozialdetektive-schritt-zum-schnueffelstaat\" target=\"_blank\" rel=\"noopener noreferrer\">\u00abEinfach Politik\u00bb<\/a><\/strong> geht in ca. 20 Min. folgenden Fragen nach:<\/p>\n<p>&nbsp;<\/p>\n<p><strong>Einleitung<\/strong><\/p>\n<ul>\n<li>Mit welchen Ger\u00e4ten arbeiten die Privatdetektive?<\/li>\n<li>F\u00fcr wen arbeiten die Privatdetektive?<\/li>\n<li>Wer wird \u00fcberhaupt \u00fcberwacht?<\/li>\n<\/ul>\n<p>&nbsp;<\/p>\n<p><strong>Gesetzliche Bestimmungen im Parlament\u00a0<\/strong><\/p>\n<ul>\n<li>Sollen Sozialdetektive im Namen von der IV (Sozialversicherungen) Menschen \u00fcberwachen?<\/li>\n<li>Wurde die Vorlage vom Parlament angenommen?<\/li>\n<li>Welche Rolle spielt die Lobby der Versicherungen? (Was ist Lobbying?)<\/li>\n<li>Was sind die Vorteile \/ Nachteile der angenommenen Vorlage?<\/li>\n<\/ul>\n<p>&nbsp;<\/p>\n<p><strong>K\u00e4mpfer gegen das neue \u00dcberwachungsgesetz<\/strong><\/p>\n<ul>\n<li>Warum k\u00e4mpft Philip Stolkin gegen das neue Gesetz?<\/li>\n<li>Er k\u00e4mpft mit einem geplanten Referendum gegen das neue Gesetz &#8211; Was ist ein Referendum?<\/li>\n<\/ul>\n<p>&nbsp;<\/p>\n<h1><strong>Was ist deine Meinung?<\/strong><\/h1>\n","protected":false},"excerpt":{"rendered":"<p>Die Politik will verst\u00e4rkt gegen den Missbrauch von Sozialhilfegeldern vorgehen. Das Parlament steht f\u00fcr ein \u00dcberwachungsgesetz ein, welches erm\u00f6glicht Schweizer&hellip;<\/p>\n","protected":false},"author":1,"featured_media":0,"comment_status":"open","ping_status":"open","sticky":false,"template":"","format":"standard","meta":{"footnotes":""},"categories":[7],"tags":[],"class_list":["post-731","post","type-post","status-publish","format-standard","hentry","category-allgemein"],"_links":{"self":[{"href":"https:\/\/abuchecker.ch\/abufri\/index.php?rest_route=\/wp\/v2\/posts\/731","targetHints":{"allow":["GET"]}}],"collection":[{"href":"https:\/\/abuchecker.ch\/abufri\/index.php?rest_route=\/wp\/v2\/posts"}],"about":[{"href":"https:\/\/abuchecker.ch\/abufri\/index.php?rest_route=\/wp\/v2\/types\/post"}],"author":[{"embeddable":true,"href":"https:\/\/abuchecker.ch\/abufri\/index.php?rest_route=\/wp\/v2\/users\/1"}],"replies":[{"embeddable":true,"href":"https:\/\/abuchecker.ch\/abufri\/index.php?rest_route=%2Fwp%2Fv2%2Fcomments&post=731"}],"version-history":[{"count":0,"href":"https:\/\/abuchecker.ch\/abufri\/index.php?rest_route=\/wp\/v2\/posts\/731\/revisions"}],"wp:attachment":[{"href":"https:\/\/abuchecker.ch\/abufri\/index.php?rest_route=%2Fwp%2Fv2%2Fmedia&parent=731"}],"wp:term":[{"taxonomy":"category","embeddable":true,"href":"https:\/\/abuchecker.ch\/abufri\/index.php?rest_route=%2Fwp%2Fv2%2Fcategories&post=731"},{"taxonomy":"post_tag","embeddable":true,"href":"https:\/\/abuchecker.ch\/abufri\/index.php?rest_route=%2Fwp%2Fv2%2Ftags&post=731"}],"curies":[{"name":"wp","href":"https:\/\/api.w.org\/{rel}","templated":true}]}}