{"id":726,"date":"2018-10-29T13:49:26","date_gmt":"2018-10-29T12:49:26","guid":{"rendered":"https:\/\/abufri.wordpress.com\/?p=726"},"modified":"2018-10-29T13:49:26","modified_gmt":"2018-10-29T12:49:26","slug":"zeitung-pdf-online-die-zukunft-der-arbeit","status":"publish","type":"post","link":"https:\/\/abuchecker.ch\/abufri\/?p=726","title":{"rendered":"Zeitung (PDF) online: Die Zukunft der Arbeit"},"content":{"rendered":"<p style=\"text-align:justify;\"><a href=\"https:\/\/abuchecker.ch\/abufri\/wp-content\/uploads\/2018\/10\/m12_zeitung_zukunft-der-arbeit.pdf\" target=\"_blank\" rel=\"noopener noreferrer\">Diese Zeitung (PDF) <\/a>zeigt, wie sich unsere Jobs ver\u00e4ndern werden und wie wir uns auf diesen Wandel vorbereiten k\u00f6nnen. Computer und Roboter sind schon heute \u00fcberall anzutreffen in der Arbeitswelt. Industrieroboter setzen Teile zusammen, Algorithmen l\u00f6sen Probleme \u2013 und sie werden immer besser dabei. Die Maschinen \u00fcbernehmen neue Aufgaben, sie lernen selbstst\u00e4ndig und die Vernetzung digitaler Systeme nimmt zu.<\/p>\n<ul>\n<li>Was also bedeutet das f\u00fcr uns?<\/li>\n<li>Welche Jobs k\u00f6nnten verschwinden, welche entstehen?<\/li>\n<li>Wo sind wir den Maschinen noch \u00fcberlegen?<\/li>\n<li>Welche menschlichen F\u00e4higkeiten werden zuk\u00fcnftig noch gefragt sein?<\/li>\n<li>Werden wir mehr oder weniger arbeiten?<\/li>\n<\/ul>\n<p>&nbsp;<\/p>\n<p>Diese Fragen m\u00fcssen wir uns nicht in ferner Zukunft, sondern schon jetzt stellen. Denn eines ist klar: Dieser technologische Wandel ist f\u00fcr uns Herausforderung und Chance zugleich.<\/p>\n<p>&nbsp;<\/p>\n<p>Und als Vertiefung zum Thema Digitalisierung etc.<\/p>\n<p>Die <a href=\"https:\/\/www.srf.ch\/sendungen\/treffpunkt\/wie-haben-sie-die-digitalisierung-erlebt\" target=\"_blank\" rel=\"noopener noreferrer\">Digitale Entwicklung der Schweiz als Radiobeitrag <\/a>hier! (Eine Geschichte der Arbeit (57 Min.)<\/p>\n<p>Der <a href=\"https:\/\/www.srf.ch\/kultur\/wissen\/digitaltag\" target=\"_blank\" rel=\"noopener noreferrer\">Digitaltag mit weiteren Sendungen hier&#8230;.<\/a><\/p>\n<div id=\"wrapper\">\n<div class=\"row\">\n<div class=\"container fullwidth-highlights\">\n<div id=\"wrapper\">\n<div class=\"row\">\n<div class=\"container fullwidth-highlights\">\n<h2 class=\"clearfix border\"><\/h2>\n<\/div>\n<\/div>\n<\/div>\n<\/div>\n<\/div>\n<\/div>\n<p>&nbsp;<\/p>\n","protected":false},"excerpt":{"rendered":"<p>Diese Zeitung (PDF) zeigt, wie sich unsere Jobs ver\u00e4ndern werden und wie wir uns auf diesen Wandel vorbereiten k\u00f6nnen. Computer&hellip;<\/p>\n","protected":false},"author":1,"featured_media":727,"comment_status":"open","ping_status":"open","sticky":false,"template":"","format":"standard","meta":{"footnotes":""},"categories":[2,8,13,16],"tags":[136],"class_list":["post-726","post","type-post","status-publish","format-standard","has-post-thumbnail","hentry","category-1-lehrjahr","category-arbeit","category-berufsbildung","category-digitalisierung","tag-roboter"],"_links":{"self":[{"href":"https:\/\/abuchecker.ch\/abufri\/index.php?rest_route=\/wp\/v2\/posts\/726","targetHints":{"allow":["GET"]}}],"collection":[{"href":"https:\/\/abuchecker.ch\/abufri\/index.php?rest_route=\/wp\/v2\/posts"}],"about":[{"href":"https:\/\/abuchecker.ch\/abufri\/index.php?rest_route=\/wp\/v2\/types\/post"}],"author":[{"embeddable":true,"href":"https:\/\/abuchecker.ch\/abufri\/index.php?rest_route=\/wp\/v2\/users\/1"}],"replies":[{"embeddable":true,"href":"https:\/\/abuchecker.ch\/abufri\/index.php?rest_route=%2Fwp%2Fv2%2Fcomments&post=726"}],"version-history":[{"count":0,"href":"https:\/\/abuchecker.ch\/abufri\/index.php?rest_route=\/wp\/v2\/posts\/726\/revisions"}],"wp:featuredmedia":[{"embeddable":true,"href":"https:\/\/abuchecker.ch\/abufri\/index.php?rest_route=\/wp\/v2\/media\/727"}],"wp:attachment":[{"href":"https:\/\/abuchecker.ch\/abufri\/index.php?rest_route=%2Fwp%2Fv2%2Fmedia&parent=726"}],"wp:term":[{"taxonomy":"category","embeddable":true,"href":"https:\/\/abuchecker.ch\/abufri\/index.php?rest_route=%2Fwp%2Fv2%2Fcategories&post=726"},{"taxonomy":"post_tag","embeddable":true,"href":"https:\/\/abuchecker.ch\/abufri\/index.php?rest_route=%2Fwp%2Fv2%2Ftags&post=726"}],"curies":[{"name":"wp","href":"https:\/\/api.w.org\/{rel}","templated":true}]}}