{"id":721,"date":"2018-10-01T15:58:27","date_gmt":"2018-10-01T15:58:27","guid":{"rendered":"https:\/\/abufri.wordpress.com\/?p=721"},"modified":"2019-09-11T07:04:23","modified_gmt":"2019-09-11T07:04:23","slug":"lebensmittel-aufessen-bitte","status":"publish","type":"post","link":"https:\/\/abuchecker.ch\/abufri\/?p=721","title":{"rendered":"Lebensmittel -Aufessen bitte!"},"content":{"rendered":"<p style=\"text-align:justify;\"><strong><em>J\u00e4hrlich landen weltweit 1,6 Milliarden Tonnen Lebensmittel im Wert von 1,2 Billionen Franken im Abfall. Die Schuld wird den Konsumenten angeh\u00e4ngt &#8211; dabei k\u00f6nnten Produzenten und H\u00e4ndler den Schaden halbieren. (Ein Artikel v. Silvia Lieberich und Ernst Meier, TA 20.09.2018)<\/em><\/strong><\/p>\n<p>Folgende Fragen tauchen bei der Lekt\u00fcre des Zeitungsartikels auf:<\/p>\n<ul>\n<li>Was ist Food Waste?<\/li>\n<li>Welche Lebensmittel gehen verloren?<\/li>\n<li>Wo gehen die Lebensmittel in der Schweiz verloren?<\/li>\n<li>Welchen Anteil haben Haushalte, Gastronomie, Verarbeitung, Landwirtschaft und Handel?<\/li>\n<li>Welche privaten od. staatlichen L\u00f6sungsans\u00e4tze werden angestrebt oder schon umgesetzt?<\/li>\n<\/ul>\n<p><a href=\"https:\/\/abuchecker.ch\/abufri\/wp-content\/uploads\/2018\/10\/ta_food-waste.docx\" target=\"_blank\" rel=\"noopener noreferrer\">Zum Artikel geht es hier!<\/a><\/p>\n<p>Was ist deine eigene Meinung?\u00a0Nimm Stellung zum Thema Food Waste?<\/p>\n<p>&nbsp;<\/p>\n","protected":false},"excerpt":{"rendered":"<p>J\u00e4hrlich landen weltweit 1,6 Milliarden Tonnen Lebensmittel im Wert von 1,2 Billionen Franken im Abfall. Die Schuld wird den Konsumenten&hellip;<\/p>\n","protected":false},"author":1,"featured_media":723,"comment_status":"open","ping_status":"open","sticky":false,"template":"","format":"standard","meta":{"footnotes":""},"categories":[3,18,12],"tags":[94],"class_list":["post-721","post","type-post","status-publish","format-standard","has-post-thumbnail","hentry","category-2-lehrjahr","category-ernaehrung","category-oekologie_nachhaltigkeit","tag-food-waste"],"_links":{"self":[{"href":"https:\/\/abuchecker.ch\/abufri\/index.php?rest_route=\/wp\/v2\/posts\/721","targetHints":{"allow":["GET"]}}],"collection":[{"href":"https:\/\/abuchecker.ch\/abufri\/index.php?rest_route=\/wp\/v2\/posts"}],"about":[{"href":"https:\/\/abuchecker.ch\/abufri\/index.php?rest_route=\/wp\/v2\/types\/post"}],"author":[{"embeddable":true,"href":"https:\/\/abuchecker.ch\/abufri\/index.php?rest_route=\/wp\/v2\/users\/1"}],"replies":[{"embeddable":true,"href":"https:\/\/abuchecker.ch\/abufri\/index.php?rest_route=%2Fwp%2Fv2%2Fcomments&post=721"}],"version-history":[{"count":1,"href":"https:\/\/abuchecker.ch\/abufri\/index.php?rest_route=\/wp\/v2\/posts\/721\/revisions"}],"predecessor-version":[{"id":881,"href":"https:\/\/abuchecker.ch\/abufri\/index.php?rest_route=\/wp\/v2\/posts\/721\/revisions\/881"}],"wp:featuredmedia":[{"embeddable":true,"href":"https:\/\/abuchecker.ch\/abufri\/index.php?rest_route=\/wp\/v2\/media\/723"}],"wp:attachment":[{"href":"https:\/\/abuchecker.ch\/abufri\/index.php?rest_route=%2Fwp%2Fv2%2Fmedia&parent=721"}],"wp:term":[{"taxonomy":"category","embeddable":true,"href":"https:\/\/abuchecker.ch\/abufri\/index.php?rest_route=%2Fwp%2Fv2%2Fcategories&post=721"},{"taxonomy":"post_tag","embeddable":true,"href":"https:\/\/abuchecker.ch\/abufri\/index.php?rest_route=%2Fwp%2Fv2%2Ftags&post=721"}],"curies":[{"name":"wp","href":"https:\/\/api.w.org\/{rel}","templated":true}]}}