{"id":714,"date":"2018-09-19T12:38:49","date_gmt":"2018-09-19T12:38:49","guid":{"rendered":"https:\/\/abufri.wordpress.com\/?p=714"},"modified":"2019-09-11T07:04:37","modified_gmt":"2019-09-11T07:04:37","slug":"eine-wahre-geschichte-das-perfekte-verbrechen-der-mord-an-bobby-franks","status":"publish","type":"post","link":"https:\/\/abuchecker.ch\/abufri\/?p=714","title":{"rendered":"Eine wahre Geschichte.  Das perfekte Verbrechen. Der Mord an Bobby Franks"},"content":{"rendered":"<div class=\"wos-wrapper\">\n<div class=\"wos-content-wrapper\">\n<div class=\"wos-container wos-has-sidebar-l  clearfix\">\n<div class=\"wos-main\">\n<div class=\"wos-box\">\n<div class=\"wo-com wo-com-search wo-com-fullview\">\n<div id=\"lst-fullview\" class=\"wo-list\">\n<div class=\"panel panel-default wo-list-group wo-list-group-alternate\">\n<div class=\"panel-body\">\n<div class=\"wo-list wo-list-alternate media\">\n<div class=\"media-body\">\n<div class=\"wos-wrapper\">\n<div class=\"wos-content-wrapper\">\n<div class=\"wos-container wos-has-sidebar-l  clearfix\">\n<div class=\"wos-main\">\n<div class=\"wos-box\">\n<div class=\"wo-com wo-com-search wo-com-fullview\">\n<div id=\"lst-fullview\" class=\"wo-list\">\n<div class=\"panel panel-default wo-list-group wo-list-group-alternate\">\n<div class=\"panel-body\">\n<div class=\"wo-list wo-list-alternate media\">\n<div class=\"media-body\">\n<p class=\"wo-list-content-no-label\" style=\"text-align:justify;\">Der Mord an Bobby Franks. Die Ermordung des 14-j\u00e4hrigen Bobby Franks im Mai 1924 schockiert die USA. Die mutma\u00dflichen M\u00f6rder werden schnell gefasst. <span class=\"wo-highlight\">Das<\/span> Motiv ihrer Tat l\u00e4sst viele sprachlos zur\u00fcck. Nathan Leopold und Richard Loeb &#8211; zwei hochintelligente Teenager. Warum haben sie get\u00f6tet?<\/p>\n<p class=\"wo-list-content-no-label\" style=\"text-align:justify;\">Die Filmdokumentation rollt die Geschichte eines Mordprozesses auf, der eine nationale Debatte \u00fcber Moral, gesellschaftliche Verantwortung und die Todesstrafe in den USA entfacht hat. Zum ersten Mal werden auch die sozialen Hintergr\u00fcnde der T\u00e4ter erforscht und in den Gerichtssaal eingebracht. Es geht nicht l\u00e4nger um die einfache Unterscheidung zwischen guten und b\u00f6sen Menschen. Es geht um die Sozialisation der T\u00e4ter, um ihre Erziehung und die gesellschaftlichen Umst\u00e4nde, in denen sie aufgewachsen sind. (Zeit: 45 Min.)<\/p>\n<\/div>\n<p>&nbsp;<\/p>\n<\/div>\n<\/div>\n<\/div>\n<p>Aspekte: Recht \/ Sozialisation<\/p>\n<\/div>\n<p>&nbsp;<\/p>\n<\/div>\n<\/div>\n<\/div>\n<\/div>\n<p>Fragen f\u00fcr den AB-Unterricht:<\/p>\n<ul>\n<li>Gibt es den geborenen \u00a0&#8222;b\u00f6sen&#8220; Menschen oder ist es die Gesellschaft, welche die Menschen erst dazu bringt?<\/li>\n<li>Ist die Todesstrafe eine gerechte Strafe? Sollte diese wieder eingef\u00fchrt werden?<\/li>\n<li>Die Sozialisation als Teil eines Urteilsspruchs &#8211; die Vorgeschichte eines T\u00e4ters, seine Einsicht kann ein Urteil beeinflussen. Ist das sinnvoll?<\/li>\n<\/ul>\n<\/div>\n<div>Link: <a href=\"http:\/\/172.23.24.50\/?page=view&amp;id=1160\" target=\"_blank\" rel=\"noopener noreferrer\">Das perfekte Verbrechen.<\/a><\/div>\n<\/div>\n<\/div>\n<\/div>\n<\/div>\n<\/div>\n<\/div>\n<\/div>\n<\/div>\n<\/div>\n<\/div>\n<\/div>\n<\/div>\n","protected":false},"excerpt":{"rendered":"<p>Der Mord an Bobby Franks. Die Ermordung des 14-j\u00e4hrigen Bobby Franks im Mai 1924 schockiert die USA. Die mutma\u00dflichen M\u00f6rder&hellip;<\/p>\n","protected":false},"author":1,"featured_media":715,"comment_status":"open","ping_status":"open","sticky":false,"template":"","format":"standard","meta":{"footnotes":""},"categories":[3,20,33],"tags":[146],"class_list":["post-714","post","type-post","status-publish","format-standard","has-post-thumbnail","hentry","category-2-lehrjahr","category-film","category-recht","tag-strafrecht"],"_links":{"self":[{"href":"https:\/\/abuchecker.ch\/abufri\/index.php?rest_route=\/wp\/v2\/posts\/714","targetHints":{"allow":["GET"]}}],"collection":[{"href":"https:\/\/abuchecker.ch\/abufri\/index.php?rest_route=\/wp\/v2\/posts"}],"about":[{"href":"https:\/\/abuchecker.ch\/abufri\/index.php?rest_route=\/wp\/v2\/types\/post"}],"author":[{"embeddable":true,"href":"https:\/\/abuchecker.ch\/abufri\/index.php?rest_route=\/wp\/v2\/users\/1"}],"replies":[{"embeddable":true,"href":"https:\/\/abuchecker.ch\/abufri\/index.php?rest_route=%2Fwp%2Fv2%2Fcomments&post=714"}],"version-history":[{"count":1,"href":"https:\/\/abuchecker.ch\/abufri\/index.php?rest_route=\/wp\/v2\/posts\/714\/revisions"}],"predecessor-version":[{"id":882,"href":"https:\/\/abuchecker.ch\/abufri\/index.php?rest_route=\/wp\/v2\/posts\/714\/revisions\/882"}],"wp:featuredmedia":[{"embeddable":true,"href":"https:\/\/abuchecker.ch\/abufri\/index.php?rest_route=\/wp\/v2\/media\/715"}],"wp:attachment":[{"href":"https:\/\/abuchecker.ch\/abufri\/index.php?rest_route=%2Fwp%2Fv2%2Fmedia&parent=714"}],"wp:term":[{"taxonomy":"category","embeddable":true,"href":"https:\/\/abuchecker.ch\/abufri\/index.php?rest_route=%2Fwp%2Fv2%2Fcategories&post=714"},{"taxonomy":"post_tag","embeddable":true,"href":"https:\/\/abuchecker.ch\/abufri\/index.php?rest_route=%2Fwp%2Fv2%2Ftags&post=714"}],"curies":[{"name":"wp","href":"https:\/\/api.w.org\/{rel}","templated":true}]}}