{"id":709,"date":"2018-09-12T09:43:22","date_gmt":"2018-09-12T09:43:22","guid":{"rendered":"https:\/\/abufri.wordpress.com\/?p=709"},"modified":"2019-09-11T07:04:51","modified_gmt":"2019-09-11T07:04:51","slug":"die-spaete-lehre-ist-da-ein-radiobeitrag-von-echo-der-zeit-9-2018","status":"publish","type":"post","link":"https:\/\/abuchecker.ch\/abufri\/?p=709","title":{"rendered":"Die &#8222;Sp\u00e4te Lehre&#8220; ist da!                                        Ein Radiobeitrag von Echo der Zeit (9.2018)"},"content":{"rendered":"<p><strong>Mit 50 noch die Berufslehre abschliessen &#8211; das ist in Obwalden m\u00f6glich! <\/strong><\/p>\n<p>Fachkr\u00e4fte sind in der Schweizer Industrie gesuchte Leute. Entsprechend gross sind die Bem\u00fchungen, Schulabg\u00e4nger f\u00fcr eine technische Lehre zu gewinnen. Das Obwaldner Technologie-Unternehmen Maxon sucht nach anderen Wegen. Es will im eigenen Betrieb Fachfrauen ohne Lehrabschluss die M\u00f6glichkeit geben, diesen nachzuholen. Mit einer sogenannten <strong>&#8222;Sp\u00e4ten Lehre&#8220;<\/strong>. Dabei besuchen v.a. Frauen am Samstag die technischen Kurse, der ABU findet per Skype statt.<\/p>\n<p>Aspekte: Berufsbildung \/ Arbeit<\/p>\n<p><a href=\"https:\/\/www.srf.ch\/play\/radio\/echo-der-zeit\/audio\/spaete-lehre-mit-50-noch-die-berufslehre-abschliessen?id=bb42d31f-87d7-4d97-bdf9-5b9d390d8ff5&amp;station=69e8ac16-4327-4af4-b873-fd5cd6e895a7\">Radiobeitrag v. Echo der Zeit<\/a><\/p>\n<p class=\"article-lead\">\n","protected":false},"excerpt":{"rendered":"<p>Mit 50 noch die Berufslehre abschliessen &#8211; das ist in Obwalden m\u00f6glich! Fachkr\u00e4fte sind in der Schweizer Industrie gesuchte Leute.&hellip;<\/p>\n","protected":false},"author":1,"featured_media":710,"comment_status":"open","ping_status":"open","sticky":false,"template":"","format":"standard","meta":{"footnotes":""},"categories":[2,8,13],"tags":[115],"class_list":["post-709","post","type-post","status-publish","format-standard","has-post-thumbnail","hentry","category-1-lehrjahr","category-arbeit","category-berufsbildung","tag-lehre"],"_links":{"self":[{"href":"https:\/\/abuchecker.ch\/abufri\/index.php?rest_route=\/wp\/v2\/posts\/709","targetHints":{"allow":["GET"]}}],"collection":[{"href":"https:\/\/abuchecker.ch\/abufri\/index.php?rest_route=\/wp\/v2\/posts"}],"about":[{"href":"https:\/\/abuchecker.ch\/abufri\/index.php?rest_route=\/wp\/v2\/types\/post"}],"author":[{"embeddable":true,"href":"https:\/\/abuchecker.ch\/abufri\/index.php?rest_route=\/wp\/v2\/users\/1"}],"replies":[{"embeddable":true,"href":"https:\/\/abuchecker.ch\/abufri\/index.php?rest_route=%2Fwp%2Fv2%2Fcomments&post=709"}],"version-history":[{"count":1,"href":"https:\/\/abuchecker.ch\/abufri\/index.php?rest_route=\/wp\/v2\/posts\/709\/revisions"}],"predecessor-version":[{"id":884,"href":"https:\/\/abuchecker.ch\/abufri\/index.php?rest_route=\/wp\/v2\/posts\/709\/revisions\/884"}],"wp:featuredmedia":[{"embeddable":true,"href":"https:\/\/abuchecker.ch\/abufri\/index.php?rest_route=\/wp\/v2\/media\/710"}],"wp:attachment":[{"href":"https:\/\/abuchecker.ch\/abufri\/index.php?rest_route=%2Fwp%2Fv2%2Fmedia&parent=709"}],"wp:term":[{"taxonomy":"category","embeddable":true,"href":"https:\/\/abuchecker.ch\/abufri\/index.php?rest_route=%2Fwp%2Fv2%2Fcategories&post=709"},{"taxonomy":"post_tag","embeddable":true,"href":"https:\/\/abuchecker.ch\/abufri\/index.php?rest_route=%2Fwp%2Fv2%2Ftags&post=709"}],"curies":[{"name":"wp","href":"https:\/\/api.w.org\/{rel}","templated":true}]}}