{"id":680,"date":"2018-04-19T15:52:59","date_gmt":"2018-04-19T15:52:59","guid":{"rendered":"https:\/\/abufri.wordpress.com\/?p=680"},"modified":"2019-09-11T07:05:41","modified_gmt":"2019-09-11T07:05:41","slug":"pfaendung-ist-ein-fernseher-nur-geruempel-recht-wirtschaft-digitales","status":"publish","type":"post","link":"https:\/\/abuchecker.ch\/abufri\/?p=680","title":{"rendered":"Pf\u00e4ndung: Ist ein Fernseher nur Ger\u00fcmpel? \u2014 Recht, Wirtschaft, Digitales"},"content":{"rendered":"<p><a href=\"https:\/\/bdwr.wordpress.com\/2018\/04\/11\/haben-schuldner-nur-krempel-in-ihrer-wohnung\/\"><img decoding=\"async\" src=\"https:\/\/bdwr.files.wordpress.com\/2012\/10\/nzz.png?quality=80&amp;strip=info&amp;w=800\" \/><\/a><\/p>\n<blockquote><p>Noch vor Kurzem wurde einer Schuldnerin\/einem Schuldner im schweizerischen Betreibungsverfahren ein Fernsehger\u00e4t beschlagnahmt, um es zu versteigern, falls es zu einer Pf\u00e4ndung kam. Auch Computer und Stereoanlagen geh\u00f6rten zu den begehrten Pf\u00e4ndungsst\u00fccken. Dem ist nicht mehr so. Gepf\u00e4ndete k\u00f6nnen eigentlich so weiter wohnen, wie sie es vor der Pf\u00e4ndung gewohnt waren \u2013 mit Ausnahmen. Die\u00a0[\u2026]<\/p><\/blockquote>\n<p>\u00fcber <a href=\"https:\/\/bdwr.wordpress.com\/2018\/04\/11\/haben-schuldner-nur-krempel-in-ihrer-wohnung\/\">Pf\u00e4ndung: Ist ein Fernseher nur Ger\u00fcmpel? \u2014 Recht, Wirtschaft, Digitales<\/a><\/p>\n","protected":false},"excerpt":{"rendered":"<p>Noch vor Kurzem wurde einer Schuldnerin\/einem Schuldner im schweizerischen Betreibungsverfahren ein Fernsehger\u00e4t beschlagnahmt, um es zu versteigern, falls es zu&hellip;<\/p>\n","protected":false},"author":1,"featured_media":0,"comment_status":"open","ping_status":"open","sticky":false,"template":"","format":"standard","meta":{"footnotes":""},"categories":[4,5,7,33],"tags":[69],"class_list":["post-680","post","type-post","status-publish","format-standard","hentry","category-3-lehrjahr","category-4-lehrjahr","category-allgemein","category-recht","tag-betreibungsverfahren"],"_links":{"self":[{"href":"https:\/\/abuchecker.ch\/abufri\/index.php?rest_route=\/wp\/v2\/posts\/680","targetHints":{"allow":["GET"]}}],"collection":[{"href":"https:\/\/abuchecker.ch\/abufri\/index.php?rest_route=\/wp\/v2\/posts"}],"about":[{"href":"https:\/\/abuchecker.ch\/abufri\/index.php?rest_route=\/wp\/v2\/types\/post"}],"author":[{"embeddable":true,"href":"https:\/\/abuchecker.ch\/abufri\/index.php?rest_route=\/wp\/v2\/users\/1"}],"replies":[{"embeddable":true,"href":"https:\/\/abuchecker.ch\/abufri\/index.php?rest_route=%2Fwp%2Fv2%2Fcomments&post=680"}],"version-history":[{"count":1,"href":"https:\/\/abuchecker.ch\/abufri\/index.php?rest_route=\/wp\/v2\/posts\/680\/revisions"}],"predecessor-version":[{"id":889,"href":"https:\/\/abuchecker.ch\/abufri\/index.php?rest_route=\/wp\/v2\/posts\/680\/revisions\/889"}],"wp:attachment":[{"href":"https:\/\/abuchecker.ch\/abufri\/index.php?rest_route=%2Fwp%2Fv2%2Fmedia&parent=680"}],"wp:term":[{"taxonomy":"category","embeddable":true,"href":"https:\/\/abuchecker.ch\/abufri\/index.php?rest_route=%2Fwp%2Fv2%2Fcategories&post=680"},{"taxonomy":"post_tag","embeddable":true,"href":"https:\/\/abuchecker.ch\/abufri\/index.php?rest_route=%2Fwp%2Fv2%2Ftags&post=680"}],"curies":[{"name":"wp","href":"https:\/\/api.w.org\/{rel}","templated":true}]}}