{"id":664,"date":"2018-04-17T08:29:35","date_gmt":"2018-04-17T08:29:35","guid":{"rendered":"https:\/\/abufri.wordpress.com\/2018\/04\/17\/armut-in-der-schweiz\/"},"modified":"2019-09-11T07:06:54","modified_gmt":"2019-09-11T07:06:54","slug":"armut-in-der-schweiz","status":"publish","type":"post","link":"https:\/\/abuchecker.ch\/abufri\/?p=664","title":{"rendered":"Armut in der Schweiz"},"content":{"rendered":"<div id=\"page\">\n<div id=\"content\" class=\"widecolumn\">\n<div id=\"post-3779\" class=\"clear post-3779 post type-post status-publish format-standard hentry category-konsum_geld_banken category-wirtschaft tag-alleinstehende tag-altersarmut tag-arm tag-armut tag-reich tag-schulden tag-working-poor\">\n<h2>Armut in der\u00a0Schweiz<\/h2>\n<div class=\"entry\">\n<p><a class=\"single-image-gallery\" href=\"https:\/\/bdwr.wordpress.com\/2012\/10\/09\/gunstiger-strom-danke-sonnenenergie\/nzz\/\" rel=\"attachment wp-att-1427\"><img loading=\"lazy\" decoding=\"async\" class=\"alignleft size-thumbnail wp-image-1427\" src=\"https:\/\/bdwr.files.wordpress.com\/2012\/10\/nzz.png?w=150&amp;h=103\" alt=\"\" width=\"150\" height=\"103\" \/><\/a>In der Schweiz stieg 2016 die Armutsquote auf 7,5% von 7% im Vorjahr, wie die neuste Publikation des Bundesamts f\u00fcr Statistik (BfS) zeigt. Insgesamt litten rund 615\u2019000 Personen unter sogenannter Einkommensarmut. Die Details gibt es hier:\u00a0<a href=\"https:\/\/bdwr.wordpress.com\/2018\/04\/11\/armut-in-der-schweiz\/armut-ch-2\/\" rel=\"attachment wp-att-3782\">Armut CH<\/a>\u00a0(anklicken). Auch wenn die NZZ mit ein paar gezwungen wirkenden optimistischen Nebenbemerkungen aufwartet, wie: \u00ab<em>Ein Grossteil von ihnen verf\u00fcgte danach wieder relativ rasch \u00fcber ein h\u00f6heres Einkommen.\u00bb oder \u00abBesser als in anderen L\u00e4ndern\u00bb, <\/em>nennt der Artikel vom 11.04.18 die relevanten Fakten. (v. A.H.)<\/p>\n<\/div>\n<\/div>\n<\/div>\n<\/div>\n<p>&nbsp;<\/p>\n<h1><\/h1>\n<h1>615&#8217;000 Schweizer haben weniger als 2247 Franken<\/h1>\n<h3>Die Armut in der Schweiz steigt. 7,5 Prozent der Bev\u00f6lkerung sind laut dem Bundesamt f\u00fcr Statistik betroffen.<\/h3>\n<p>Link:\u00a0<a href=\"http:\/\/www.20min.ch\/schweiz\/news\/story\/615-000-Schweizer-haben-weniger-als-2247-Franken-18298717\">Armut in der Schweiz steigt!<\/a><\/p>\n<p>&nbsp;<\/p>\n<p><a href=\"https:\/\/bdwr.files.wordpress.com\/2014\/05\/die-schere-c3b6ffnet-sich-immer-weiter.png\">Link: Grafiken zur Entwicklung der Einkommensverteilung<\/a><\/p>\n","protected":false},"excerpt":{"rendered":"<p>Armut in der\u00a0Schweiz In der Schweiz stieg 2016 die Armutsquote auf 7,5% von 7% im Vorjahr, wie die neuste Publikation&hellip;<\/p>\n","protected":false},"author":1,"featured_media":0,"comment_status":"open","ping_status":"open","sticky":false,"template":"","format":"standard","meta":{"footnotes":""},"categories":[4,5,8,17],"tags":[80],"class_list":["post-664","post","type-post","status-publish","format-standard","hentry","category-3-lehrjahr","category-4-lehrjahr","category-arbeit","category-einkommen","tag-einkommensarmut"],"_links":{"self":[{"href":"https:\/\/abuchecker.ch\/abufri\/index.php?rest_route=\/wp\/v2\/posts\/664","targetHints":{"allow":["GET"]}}],"collection":[{"href":"https:\/\/abuchecker.ch\/abufri\/index.php?rest_route=\/wp\/v2\/posts"}],"about":[{"href":"https:\/\/abuchecker.ch\/abufri\/index.php?rest_route=\/wp\/v2\/types\/post"}],"author":[{"embeddable":true,"href":"https:\/\/abuchecker.ch\/abufri\/index.php?rest_route=\/wp\/v2\/users\/1"}],"replies":[{"embeddable":true,"href":"https:\/\/abuchecker.ch\/abufri\/index.php?rest_route=%2Fwp%2Fv2%2Fcomments&post=664"}],"version-history":[{"count":1,"href":"https:\/\/abuchecker.ch\/abufri\/index.php?rest_route=\/wp\/v2\/posts\/664\/revisions"}],"predecessor-version":[{"id":897,"href":"https:\/\/abuchecker.ch\/abufri\/index.php?rest_route=\/wp\/v2\/posts\/664\/revisions\/897"}],"wp:attachment":[{"href":"https:\/\/abuchecker.ch\/abufri\/index.php?rest_route=%2Fwp%2Fv2%2Fmedia&parent=664"}],"wp:term":[{"taxonomy":"category","embeddable":true,"href":"https:\/\/abuchecker.ch\/abufri\/index.php?rest_route=%2Fwp%2Fv2%2Fcategories&post=664"},{"taxonomy":"post_tag","embeddable":true,"href":"https:\/\/abuchecker.ch\/abufri\/index.php?rest_route=%2Fwp%2Fv2%2Ftags&post=664"}],"curies":[{"name":"wp","href":"https:\/\/api.w.org\/{rel}","templated":true}]}}