{"id":641,"date":"2017-12-12T16:32:26","date_gmt":"2017-12-12T15:32:26","guid":{"rendered":"https:\/\/abufri.wordpress.com\/?p=641"},"modified":"2017-12-12T16:32:26","modified_gmt":"2017-12-12T15:32:26","slug":"rasergesetz-wird-angepasst","status":"publish","type":"post","link":"https:\/\/abuchecker.ch\/abufri\/?p=641","title":{"rendered":"Rasergesetz wird angepasst"},"content":{"rendered":"<p>Im sogenannten \u00abRaser-Artikel\u00bb heisst es: Wer mit dem Auto sehr viel zu schnell f\u00e4hrt, bekommt zwingend eine bedingte Gef\u00e4ngnisstrafe von mindestens einem Jahr und muss seinen F\u00fchrerausweis f\u00fcr zwei Jahre abgeben. Doch jetzt soll er wieder entsch\u00e4rft werden. Weshalb? Echo der Zeit stellt relevante Fragen an Bundeshausredaktor Curdin Vincenz.<\/p>\n<div class=\"audioplayer_popup_container\">\n<div class=\"audioplayer_popup_metadata\">\n<p>Radiobeitrag v. Echo der Zeit:<a href=\"https:\/\/www.srf.ch\/play\/radio\/popupaudioplayer?id=994196b6-b4dc-4af0-a491-2d0dd9b525eb\" target=\"_blank\" rel=\"noopener noreferrer\"> Via Secura auf dem Pr\u00fcfstand (4.43 Min.)<\/a><\/p>\n<\/div>\n<\/div>\n<p>&nbsp;<\/p>\n<p>Der St\u00e4nderat will den Automatismus von mindestens einem Jahr Freiheitsstrafe<br \/>\nf\u00fcr Raser aus dem Gesetz streichen. Das beschloss er gestern. Hingegen will er die <strong>Fahrl\u00e4ssigkeit<\/strong> wieder ber\u00fccksichtigen. Wie die konkreten F\u00e4lle dann beurteilt werden wird die Zukunft zeigen. Der FN Artikel bezieht sich auf diesen aktuellen Sachverhalt. (Aspekt Recht)<\/p>\n<p><a title=\"Gesetz_raser_12.2017\" href=\"https:\/\/abuchecker.ch\/abufri\/wp-content\/uploads\/2017\/12\/gesetz_raser_12-2017.pdf\">Mehr Spielraum f\u00fcr Richter 12.2017 (Artikel in FN)<\/a><\/p>\n<p>&nbsp;<\/p>\n<p><!--more--><!--more-->Die folgenden 3 Folien erkl\u00e4ren anschaulich den Unterschied zwischen Fahrl\u00e4ssigkeit und vors\u00e4tzlichem Handeln.<\/p>\n<p><a title=\"fahrl\u00e4ssig od. vors\u00e4tzlich\" href=\"https:\/\/abuchecker.ch\/abufri\/wp-content\/uploads\/2017\/12\/fahrlc3a4ssig-od-vorsc3a4tzlich.pdf\">fahrl\u00e4ssig od. vors\u00e4tzlich<\/a><\/p>\n<p>&nbsp;<\/p>\n<p>&nbsp;<\/p>\n<p>&nbsp;<\/p>\n<p>&nbsp;<\/p>\n<p>&nbsp;<\/p>\n","protected":false},"excerpt":{"rendered":"<p>Im sogenannten \u00abRaser-Artikel\u00bb heisst es: Wer mit dem Auto sehr viel zu schnell f\u00e4hrt, bekommt zwingend eine bedingte Gef\u00e4ngnisstrafe von&hellip;<\/p>\n","protected":false},"author":1,"featured_media":647,"comment_status":"open","ping_status":"open","sticky":false,"template":"","format":"standard","meta":{"footnotes":""},"categories":[7],"tags":[],"class_list":["post-641","post","type-post","status-publish","format-standard","has-post-thumbnail","hentry","category-allgemein"],"_links":{"self":[{"href":"https:\/\/abuchecker.ch\/abufri\/index.php?rest_route=\/wp\/v2\/posts\/641","targetHints":{"allow":["GET"]}}],"collection":[{"href":"https:\/\/abuchecker.ch\/abufri\/index.php?rest_route=\/wp\/v2\/posts"}],"about":[{"href":"https:\/\/abuchecker.ch\/abufri\/index.php?rest_route=\/wp\/v2\/types\/post"}],"author":[{"embeddable":true,"href":"https:\/\/abuchecker.ch\/abufri\/index.php?rest_route=\/wp\/v2\/users\/1"}],"replies":[{"embeddable":true,"href":"https:\/\/abuchecker.ch\/abufri\/index.php?rest_route=%2Fwp%2Fv2%2Fcomments&post=641"}],"version-history":[{"count":0,"href":"https:\/\/abuchecker.ch\/abufri\/index.php?rest_route=\/wp\/v2\/posts\/641\/revisions"}],"wp:featuredmedia":[{"embeddable":true,"href":"https:\/\/abuchecker.ch\/abufri\/index.php?rest_route=\/wp\/v2\/media\/647"}],"wp:attachment":[{"href":"https:\/\/abuchecker.ch\/abufri\/index.php?rest_route=%2Fwp%2Fv2%2Fmedia&parent=641"}],"wp:term":[{"taxonomy":"category","embeddable":true,"href":"https:\/\/abuchecker.ch\/abufri\/index.php?rest_route=%2Fwp%2Fv2%2Fcategories&post=641"},{"taxonomy":"post_tag","embeddable":true,"href":"https:\/\/abuchecker.ch\/abufri\/index.php?rest_route=%2Fwp%2Fv2%2Ftags&post=641"}],"curies":[{"name":"wp","href":"https:\/\/api.w.org\/{rel}","templated":true}]}}