{"id":627,"date":"2017-11-28T09:44:52","date_gmt":"2017-11-28T09:44:52","guid":{"rendered":"https:\/\/abufri.wordpress.com\/?p=627"},"modified":"2019-09-11T07:06:05","modified_gmt":"2019-09-11T07:06:05","slug":"wie-koennen-wir-besser-auswendig-lernen-tipps-und-tricks-von-einem-weltmeister","status":"publish","type":"post","link":"https:\/\/abuchecker.ch\/abufri\/?p=627","title":{"rendered":"Wie k\u00f6nnen wir besser auswendig lernen? Tipps und Tricks von einem Weltmeister&#8230;"},"content":{"rendered":"<p>K\u00f6nnen wir unser Ged\u00e4chtnis trainieren? Wie wir uns Namen und Vokabeln leichter merken k\u00f6nnen, erkl\u00e4rt der Neurologe und Ged\u00e4chtnisk\u00fcnstler Boris Nikolai Konrad im Interview.<\/p>\n<p><a title=\"Wie Sie Ihre Ged\u00e4chtnisleistung verbessern k\u00f6nnen _ NZZ\" href=\"https:\/\/abuchecker.ch\/abufri\/wp-content\/uploads\/2017\/11\/wie-sie-ihre-gedc3a4chtnisleistung-verbessern-kc3b6nnen-_-nzz.docx\">Wie Sie Ihre Ged\u00e4chtnisleistung verbessern k\u00f6nnen _ NZZ<\/a> (24.11.2017)<\/p>\n<p>&nbsp;<\/p>\n","protected":false},"excerpt":{"rendered":"<p>K\u00f6nnen wir unser Ged\u00e4chtnis trainieren? Wie wir uns Namen und Vokabeln leichter merken k\u00f6nnen, erkl\u00e4rt der Neurologe und Ged\u00e4chtnisk\u00fcnstler Boris&hellip;<\/p>\n","protected":false},"author":1,"featured_media":0,"comment_status":"open","ping_status":"open","sticky":false,"template":"","format":"standard","meta":{"footnotes":""},"categories":[2,26],"tags":[96],"class_list":["post-627","post","type-post","status-publish","format-standard","hentry","category-1-lehrjahr","category-lernstrategien","tag-gedaechtnis"],"_links":{"self":[{"href":"https:\/\/abuchecker.ch\/abufri\/index.php?rest_route=\/wp\/v2\/posts\/627","targetHints":{"allow":["GET"]}}],"collection":[{"href":"https:\/\/abuchecker.ch\/abufri\/index.php?rest_route=\/wp\/v2\/posts"}],"about":[{"href":"https:\/\/abuchecker.ch\/abufri\/index.php?rest_route=\/wp\/v2\/types\/post"}],"author":[{"embeddable":true,"href":"https:\/\/abuchecker.ch\/abufri\/index.php?rest_route=\/wp\/v2\/users\/1"}],"replies":[{"embeddable":true,"href":"https:\/\/abuchecker.ch\/abufri\/index.php?rest_route=%2Fwp%2Fv2%2Fcomments&post=627"}],"version-history":[{"count":1,"href":"https:\/\/abuchecker.ch\/abufri\/index.php?rest_route=\/wp\/v2\/posts\/627\/revisions"}],"predecessor-version":[{"id":890,"href":"https:\/\/abuchecker.ch\/abufri\/index.php?rest_route=\/wp\/v2\/posts\/627\/revisions\/890"}],"wp:attachment":[{"href":"https:\/\/abuchecker.ch\/abufri\/index.php?rest_route=%2Fwp%2Fv2%2Fmedia&parent=627"}],"wp:term":[{"taxonomy":"category","embeddable":true,"href":"https:\/\/abuchecker.ch\/abufri\/index.php?rest_route=%2Fwp%2Fv2%2Fcategories&post=627"},{"taxonomy":"post_tag","embeddable":true,"href":"https:\/\/abuchecker.ch\/abufri\/index.php?rest_route=%2Fwp%2Fv2%2Ftags&post=627"}],"curies":[{"name":"wp","href":"https:\/\/api.w.org\/{rel}","templated":true}]}}