{"id":620,"date":"2017-11-27T14:23:32","date_gmt":"2017-11-27T14:23:32","guid":{"rendered":"https:\/\/abufri.wordpress.com\/?p=620"},"modified":"2019-09-11T07:06:34","modified_gmt":"2019-09-11T07:06:34","slug":"ab-in-den-ofen-mit-dem-plastikzeugs-oder-wie-private-firmen-wie-mr-green-oder-kuh-bag-das-recycling-aufmischen","status":"publish","type":"post","link":"https:\/\/abuchecker.ch\/abufri\/?p=620","title":{"rendered":"Ab in den Ofen mit dem Plastikzeugs &#8211; oder wie private Firmen wie Mr. Green oder Kuh-Bag das Recycling aufmischen."},"content":{"rendered":"<p>Wohin mit dem Milchbeutel vom Coop, den Folien und anderen Verpackungen? Dieser Artikel der NZZ erkl\u00e4rt wie weit das Recyclinggesch\u00e4ft geht und wie sinnvoll es ist.<\/p>\n<p><a title=\"Ab in den Ofen_Recycling_Teil 1_nzz11.2017\" href=\"https:\/\/abuchecker.ch\/abufri\/wp-content\/uploads\/2017\/11\/ab-in-den-ofen_recycling_teil-1_nzz11-2017.pdf\">Ab in den Ofen_Teil 1_(NZZ v. 11.2017)<\/a><\/p>\n<p><a title=\"Ab in den Ofen_Recycling_Teil 2\" href=\"https:\/\/abuchecker.ch\/abufri\/wp-content\/uploads\/2017\/11\/ab-in-den-ofen_recycling_teil-2.pdf\">Ab in den Ofen_Teil 2<\/a><\/p>\n<p>&nbsp;<\/p>\n<p><strong>Mr. Green: Von der Bier-Idee zum Gesch\u00e4ftsmodell \u00a0<\/strong><\/p>\n<p>So entstand die Idee f\u00fcr den ersten Abholservice f\u00fcr Recycling-Abfall in der Schweiz. Die Bieridee hat sich zum erfolgreichen Gesch\u00e4ftsmodell gemausert.\u00a0<a href=\"https:\/\/www.srf.ch\/sendungen\/kassensturz-espresso\/recycling-abfall-von-der-bier-idee-zum-geschaeftsmodell\" target=\"_blank\" rel=\"noopener noreferrer\">\u00a0(9 Min. Audiobeitrag v. SRF \/13.11.2017)<\/a><\/p>\n<p>&nbsp;<\/p>\n<p><strong><span class=\"article-kicker text-color-news\">Verbrennen oder Recyclen?<\/span>Der Streit um den Plastikm\u00fcll.\u00a0<\/strong><\/p>\n<p>Beim Sammeln von Plastikabfall geht es vordergr\u00fcndig um die Umwelt, dahinter stecken aber auch finanzielle Interessen der Abfallwirtschaft. <a href=\"https:\/\/www.srf.ch\/news\/schweiz\/verbrennen-oder-recyclen-der-streit-um-den-plastikmuell\" target=\"_blank\" rel=\"noopener noreferrer\">(4 Min. 35 sec. von SRF\/3.11.2017)<\/a><\/p>\n","protected":false},"excerpt":{"rendered":"<p>Wohin mit dem Milchbeutel vom Coop, den Folien und anderen Verpackungen? Dieser Artikel der NZZ erkl\u00e4rt wie weit das Recyclinggesch\u00e4ft&hellip;<\/p>\n","protected":false},"author":1,"featured_media":625,"comment_status":"open","ping_status":"open","sticky":false,"template":"","format":"standard","meta":{"footnotes":""},"categories":[4,5,10,12],"tags":[129],"class_list":["post-620","post","type-post","status-publish","format-standard","has-post-thumbnail","hentry","category-3-lehrjahr","category-4-lehrjahr","category-oekologie","category-oekologie_nachhaltigkeit","tag-recycling"],"_links":{"self":[{"href":"https:\/\/abuchecker.ch\/abufri\/index.php?rest_route=\/wp\/v2\/posts\/620","targetHints":{"allow":["GET"]}}],"collection":[{"href":"https:\/\/abuchecker.ch\/abufri\/index.php?rest_route=\/wp\/v2\/posts"}],"about":[{"href":"https:\/\/abuchecker.ch\/abufri\/index.php?rest_route=\/wp\/v2\/types\/post"}],"author":[{"embeddable":true,"href":"https:\/\/abuchecker.ch\/abufri\/index.php?rest_route=\/wp\/v2\/users\/1"}],"replies":[{"embeddable":true,"href":"https:\/\/abuchecker.ch\/abufri\/index.php?rest_route=%2Fwp%2Fv2%2Fcomments&post=620"}],"version-history":[{"count":1,"href":"https:\/\/abuchecker.ch\/abufri\/index.php?rest_route=\/wp\/v2\/posts\/620\/revisions"}],"predecessor-version":[{"id":894,"href":"https:\/\/abuchecker.ch\/abufri\/index.php?rest_route=\/wp\/v2\/posts\/620\/revisions\/894"}],"wp:featuredmedia":[{"embeddable":true,"href":"https:\/\/abuchecker.ch\/abufri\/index.php?rest_route=\/wp\/v2\/media\/625"}],"wp:attachment":[{"href":"https:\/\/abuchecker.ch\/abufri\/index.php?rest_route=%2Fwp%2Fv2%2Fmedia&parent=620"}],"wp:term":[{"taxonomy":"category","embeddable":true,"href":"https:\/\/abuchecker.ch\/abufri\/index.php?rest_route=%2Fwp%2Fv2%2Fcategories&post=620"},{"taxonomy":"post_tag","embeddable":true,"href":"https:\/\/abuchecker.ch\/abufri\/index.php?rest_route=%2Fwp%2Fv2%2Ftags&post=620"}],"curies":[{"name":"wp","href":"https:\/\/api.w.org\/{rel}","templated":true}]}}