{"id":62,"date":"2017-08-24T13:48:09","date_gmt":"2017-08-24T13:48:09","guid":{"rendered":"https:\/\/abufri.wordpress.com\/?p=62"},"modified":"2019-09-11T07:09:17","modified_gmt":"2019-09-11T07:09:17","slug":"mittendrin-im-klimawandel","status":"publish","type":"post","link":"https:\/\/abuchecker.ch\/abufri\/?p=62","title":{"rendered":"Mittendrin im Klimawandel"},"content":{"rendered":"<p>In einer Sommerserie besch\u00e4ftigen sich die FN mit dem Klimawandel und schauen, wie im Kanton Freiburg in verschiedenen Lebensbereichen mit dem Klimawandel umgegangen wird und welche Strategien sich abzeichnen.<\/p>\n<p>Themen:<\/p>\n<ul>\n<li>Klimaerw\u00e4rmung stresst die Bachforelle<\/li>\n<li>Zahl d. Allergiebetroffenen nimmt zu<\/li>\n<li>Nur noch ein k\u00fcmmerlicher Rest-Gletscher<\/li>\n<li>Wie stark ist der Kanton Freiburg v. Klimawandel betroffen?<\/li>\n<li>Interview: Wir m\u00fcssen uns anpassen<\/li>\n<li>Demain_Tomorrow: Ein Film f\u00fcr die Zukunft<\/li>\n<\/ul>\n<p>Link Abuchecker : <a href=\"http:\/\/www.epaifribourg.ch\/campusvirtuel\/uploads\/docs_DE\/abut7\/Kmmerserie%20FN.word\">Klimawandel<\/a><\/p>\n<p>&gt; Alle Beitr\u00e4ge wurden in den FN ver\u00f6ffentlicht. Wer die FN abonniert hat, kann auch noch die nachfolgenden Beitr\u00e4ge anschauen und ausdrucken. (Stichwort f\u00fcr Suche: Sommerserie Klimawandel)<\/p>\n<p>&nbsp;<\/p>\n<p>&nbsp;<\/p>\n","protected":false},"excerpt":{"rendered":"<p>In einer Sommerserie besch\u00e4ftigen sich die FN mit dem Klimawandel und schauen, wie im Kanton Freiburg in verschiedenen Lebensbereichen mit&hellip;<\/p>\n","protected":false},"author":1,"featured_media":226,"comment_status":"open","ping_status":"open","sticky":false,"template":"","format":"standard","meta":{"footnotes":""},"categories":[4,5,10,11,12],"tags":[75,82,86,91,100,101,162,167],"class_list":["post-62","post","type-post","status-publish","format-standard","has-post-thumbnail","hentry","category-3-lehrjahr","category-4-lehrjahr","category-oekologie","category-oekologie_klimawandel","category-oekologie_nachhaltigkeit","tag-duerre","tag-energie","tag-erdoel","tag-fische","tag-gewaesser","tag-gletscher","tag-wachstum","tag-wohlstandsgesellschaft"],"_links":{"self":[{"href":"https:\/\/abuchecker.ch\/abufri\/index.php?rest_route=\/wp\/v2\/posts\/62","targetHints":{"allow":["GET"]}}],"collection":[{"href":"https:\/\/abuchecker.ch\/abufri\/index.php?rest_route=\/wp\/v2\/posts"}],"about":[{"href":"https:\/\/abuchecker.ch\/abufri\/index.php?rest_route=\/wp\/v2\/types\/post"}],"author":[{"embeddable":true,"href":"https:\/\/abuchecker.ch\/abufri\/index.php?rest_route=\/wp\/v2\/users\/1"}],"replies":[{"embeddable":true,"href":"https:\/\/abuchecker.ch\/abufri\/index.php?rest_route=%2Fwp%2Fv2%2Fcomments&post=62"}],"version-history":[{"count":1,"href":"https:\/\/abuchecker.ch\/abufri\/index.php?rest_route=\/wp\/v2\/posts\/62\/revisions"}],"predecessor-version":[{"id":902,"href":"https:\/\/abuchecker.ch\/abufri\/index.php?rest_route=\/wp\/v2\/posts\/62\/revisions\/902"}],"wp:featuredmedia":[{"embeddable":true,"href":"https:\/\/abuchecker.ch\/abufri\/index.php?rest_route=\/wp\/v2\/media\/226"}],"wp:attachment":[{"href":"https:\/\/abuchecker.ch\/abufri\/index.php?rest_route=%2Fwp%2Fv2%2Fmedia&parent=62"}],"wp:term":[{"taxonomy":"category","embeddable":true,"href":"https:\/\/abuchecker.ch\/abufri\/index.php?rest_route=%2Fwp%2Fv2%2Fcategories&post=62"},{"taxonomy":"post_tag","embeddable":true,"href":"https:\/\/abuchecker.ch\/abufri\/index.php?rest_route=%2Fwp%2Fv2%2Ftags&post=62"}],"curies":[{"name":"wp","href":"https:\/\/api.w.org\/{rel}","templated":true}]}}