{"id":615,"date":"2017-11-27T10:53:52","date_gmt":"2017-11-27T10:53:52","guid":{"rendered":"https:\/\/abufri.wordpress.com\/?p=615"},"modified":"2019-09-11T07:06:12","modified_gmt":"2019-09-11T07:06:12","slug":"planet-erde-irgendwann-macht-es-bumm","status":"publish","type":"post","link":"https:\/\/abuchecker.ch\/abufri\/?p=615","title":{"rendered":"Planet Erde: Irgendwann macht es bumm!"},"content":{"rendered":"<p>Was kann den Planeten in Zeiten von \u00dcberbev\u00f6lkerung, Klimawandel und Artensterben noch retten? Das 2-teilige Interview von den renommierten Biologen Hadly und Barnosky ist gut lesbar und verst\u00e4ndlich. Dabei diskutieren Sie wichtige Themen wie das Funktionieren v. \u00d6kosystemen, den Klimawandel mit seinen Auswirkungen auf eben diese und vieles mehr. Eine sch\u00f6n gruslige Metapher zeigt auf, wie dringlich ein gesellschaftlicher Wandel von statten gehen muss.<\/p>\n<p>&nbsp;<\/p>\n<h2>&#8222;Stellen Sie sich ein Ei vor, das vom Tisch f\u00e4llt und zerbricht. Das Ei ist zwar noch da, aber der Schaden irreversibel.&#8220; (Hadly, NZZ 26.11.2017)<\/h2>\n<p>&nbsp;<\/p>\n<p><a title=\"Klimainterview_Teil1\" href=\"https:\/\/abuchecker.ch\/abufri\/wp-content\/uploads\/2017\/11\/klimainterview_teil1.pdf\">Klimainterview_Teil 1<\/a><\/p>\n<p><a title=\"NZZ_Klimainterview Teil 2\" href=\"https:\/\/abuchecker.ch\/abufri\/wp-content\/uploads\/2017\/11\/nzz_klimainterview-teil-2.pdf\">Klimainterview Teil 2<\/a><\/p>\n<p>&nbsp;<\/p>\n","protected":false},"excerpt":{"rendered":"<p>Was kann den Planeten in Zeiten von \u00dcberbev\u00f6lkerung, Klimawandel und Artensterben noch retten? Das 2-teilige Interview von den renommierten Biologen&hellip;<\/p>\n","protected":false},"author":1,"featured_media":0,"comment_status":"open","ping_status":"open","sticky":false,"template":"","format":"standard","meta":{"footnotes":""},"categories":[4,5,10,11,12],"tags":[],"class_list":["post-615","post","type-post","status-publish","format-standard","hentry","category-3-lehrjahr","category-4-lehrjahr","category-oekologie","category-oekologie_klimawandel","category-oekologie_nachhaltigkeit"],"_links":{"self":[{"href":"https:\/\/abuchecker.ch\/abufri\/index.php?rest_route=\/wp\/v2\/posts\/615","targetHints":{"allow":["GET"]}}],"collection":[{"href":"https:\/\/abuchecker.ch\/abufri\/index.php?rest_route=\/wp\/v2\/posts"}],"about":[{"href":"https:\/\/abuchecker.ch\/abufri\/index.php?rest_route=\/wp\/v2\/types\/post"}],"author":[{"embeddable":true,"href":"https:\/\/abuchecker.ch\/abufri\/index.php?rest_route=\/wp\/v2\/users\/1"}],"replies":[{"embeddable":true,"href":"https:\/\/abuchecker.ch\/abufri\/index.php?rest_route=%2Fwp%2Fv2%2Fcomments&post=615"}],"version-history":[{"count":1,"href":"https:\/\/abuchecker.ch\/abufri\/index.php?rest_route=\/wp\/v2\/posts\/615\/revisions"}],"predecessor-version":[{"id":891,"href":"https:\/\/abuchecker.ch\/abufri\/index.php?rest_route=\/wp\/v2\/posts\/615\/revisions\/891"}],"wp:attachment":[{"href":"https:\/\/abuchecker.ch\/abufri\/index.php?rest_route=%2Fwp%2Fv2%2Fmedia&parent=615"}],"wp:term":[{"taxonomy":"category","embeddable":true,"href":"https:\/\/abuchecker.ch\/abufri\/index.php?rest_route=%2Fwp%2Fv2%2Fcategories&post=615"},{"taxonomy":"post_tag","embeddable":true,"href":"https:\/\/abuchecker.ch\/abufri\/index.php?rest_route=%2Fwp%2Fv2%2Ftags&post=615"}],"curies":[{"name":"wp","href":"https:\/\/api.w.org\/{rel}","templated":true}]}}