{"id":586,"date":"2017-11-16T15:23:35","date_gmt":"2017-11-16T14:23:35","guid":{"rendered":"https:\/\/abufri.wordpress.com\/?p=586"},"modified":"2017-11-16T15:23:35","modified_gmt":"2017-11-16T14:23:35","slug":"5g-wie-kommunizieren-wir-in-zukunft-miteinander","status":"publish","type":"post","link":"https:\/\/abuchecker.ch\/abufri\/?p=586","title":{"rendered":"5G &#8211; Wie kommunizieren wir in Zukunft miteinander?"},"content":{"rendered":"<p>Prof. Dr. Frank Fitzek besch\u00e4ftigt sich mit elektronischer Kommunikation und der Frage, wie schnell Daten \u00fcbertragen werden k\u00f6nnen.<\/p>\n<p><a title=\"5G Lab\" href=\"https:\/\/abuchecker.ch\/abufri\/wp-content\/uploads\/2017\/11\/5g-lab.pdf\">5G Lab_Artikel als PDF<\/a> (Quelle: Freistaat Sachsen)<\/p>\n","protected":false},"excerpt":{"rendered":"<p>Prof. Dr. Frank Fitzek besch\u00e4ftigt sich mit elektronischer Kommunikation und der Frage, wie schnell Daten \u00fcbertragen werden k\u00f6nnen. 5G Lab_Artikel&hellip;<\/p>\n","protected":false},"author":1,"featured_media":0,"comment_status":"open","ping_status":"open","sticky":false,"template":"","format":"standard","meta":{"footnotes":""},"categories":[35,45],"tags":[],"class_list":["post-586","post","type-post","status-publish","format-standard","hentry","category-sprache-und-kommunikation","category-zusammenleben"],"_links":{"self":[{"href":"https:\/\/abuchecker.ch\/abufri\/index.php?rest_route=\/wp\/v2\/posts\/586","targetHints":{"allow":["GET"]}}],"collection":[{"href":"https:\/\/abuchecker.ch\/abufri\/index.php?rest_route=\/wp\/v2\/posts"}],"about":[{"href":"https:\/\/abuchecker.ch\/abufri\/index.php?rest_route=\/wp\/v2\/types\/post"}],"author":[{"embeddable":true,"href":"https:\/\/abuchecker.ch\/abufri\/index.php?rest_route=\/wp\/v2\/users\/1"}],"replies":[{"embeddable":true,"href":"https:\/\/abuchecker.ch\/abufri\/index.php?rest_route=%2Fwp%2Fv2%2Fcomments&post=586"}],"version-history":[{"count":0,"href":"https:\/\/abuchecker.ch\/abufri\/index.php?rest_route=\/wp\/v2\/posts\/586\/revisions"}],"wp:attachment":[{"href":"https:\/\/abuchecker.ch\/abufri\/index.php?rest_route=%2Fwp%2Fv2%2Fmedia&parent=586"}],"wp:term":[{"taxonomy":"category","embeddable":true,"href":"https:\/\/abuchecker.ch\/abufri\/index.php?rest_route=%2Fwp%2Fv2%2Fcategories&post=586"},{"taxonomy":"post_tag","embeddable":true,"href":"https:\/\/abuchecker.ch\/abufri\/index.php?rest_route=%2Fwp%2Fv2%2Ftags&post=586"}],"curies":[{"name":"wp","href":"https:\/\/api.w.org\/{rel}","templated":true}]}}