{"id":558,"date":"2017-11-13T10:36:37","date_gmt":"2017-11-13T10:36:37","guid":{"rendered":"https:\/\/abufri.wordpress.com\/?p=558"},"modified":"2019-09-11T07:06:25","modified_gmt":"2019-09-11T07:06:25","slug":"ueberblick-ueber-die-sozialversicherungen","status":"publish","type":"post","link":"https:\/\/abuchecker.ch\/abufri\/?p=558","title":{"rendered":"\u00dcberblick \u00fcber die Sozialversicherungen"},"content":{"rendered":"<p>&nbsp;<\/p>\n<p>\u00fcber <a href=\"https:\/\/bdwr.wordpress.com\/2017\/11\/13\/ueberblick-ueber-die-sozialversicherungen\/\">\u00dcberblick \u00fcber die Sozialversicherungen \u2014 Recht, Wirtschaft, Digitales <\/a><\/p>\n","protected":false},"excerpt":{"rendered":"<p>&nbsp; \u00fcber \u00dcberblick \u00fcber die Sozialversicherungen \u2014 Recht, Wirtschaft, Digitales<\/p>\n","protected":false},"author":1,"featured_media":0,"comment_status":"open","ping_status":"open","sticky":false,"template":"","format":"standard","meta":{"footnotes":""},"categories":[2,40],"tags":[145],"class_list":["post-558","post","type-post","status-publish","format-standard","hentry","category-1-lehrjahr","category-versicherung","tag-sozialversicherungen"],"_links":{"self":[{"href":"https:\/\/abuchecker.ch\/abufri\/index.php?rest_route=\/wp\/v2\/posts\/558","targetHints":{"allow":["GET"]}}],"collection":[{"href":"https:\/\/abuchecker.ch\/abufri\/index.php?rest_route=\/wp\/v2\/posts"}],"about":[{"href":"https:\/\/abuchecker.ch\/abufri\/index.php?rest_route=\/wp\/v2\/types\/post"}],"author":[{"embeddable":true,"href":"https:\/\/abuchecker.ch\/abufri\/index.php?rest_route=\/wp\/v2\/users\/1"}],"replies":[{"embeddable":true,"href":"https:\/\/abuchecker.ch\/abufri\/index.php?rest_route=%2Fwp%2Fv2%2Fcomments&post=558"}],"version-history":[{"count":1,"href":"https:\/\/abuchecker.ch\/abufri\/index.php?rest_route=\/wp\/v2\/posts\/558\/revisions"}],"predecessor-version":[{"id":893,"href":"https:\/\/abuchecker.ch\/abufri\/index.php?rest_route=\/wp\/v2\/posts\/558\/revisions\/893"}],"wp:attachment":[{"href":"https:\/\/abuchecker.ch\/abufri\/index.php?rest_route=%2Fwp%2Fv2%2Fmedia&parent=558"}],"wp:term":[{"taxonomy":"category","embeddable":true,"href":"https:\/\/abuchecker.ch\/abufri\/index.php?rest_route=%2Fwp%2Fv2%2Fcategories&post=558"},{"taxonomy":"post_tag","embeddable":true,"href":"https:\/\/abuchecker.ch\/abufri\/index.php?rest_route=%2Fwp%2Fv2%2Ftags&post=558"}],"curies":[{"name":"wp","href":"https:\/\/api.w.org\/{rel}","templated":true}]}}