{"id":532,"date":"2017-11-08T09:31:17","date_gmt":"2017-11-08T09:31:17","guid":{"rendered":"https:\/\/abufri.wordpress.com\/?p=532"},"modified":"2020-08-19T07:46:43","modified_gmt":"2020-08-19T07:46:43","slug":"der-oekologische-fussabdruck","status":"publish","type":"post","link":"https:\/\/abuchecker.ch\/abufri\/?p=532","title":{"rendered":"Der \u00f6kologische Fussabdruck"},"content":{"rendered":"<p>Der kurze Film von ARTE enth\u00e4lt viele Angaben, wie der \u00f6kologische Fussabdruck berechnet wird. Vor dem Einsatz im Unterricht ist es notwendig, den Begriff \u201eProduktivit\u00e4t\u201c zu kl\u00e4ren. Im Gegensatz zu \u201eProduktion\u201c beinhaltet Produktivit\u00e4t den Wertzuwachs w\u00e4hrend einer gewissen Zeit, ausgedr\u00fcckt in einer W\u00e4hrung. Es wird also die Frage beantwortet, welcher Wert entsteht, wenn eine Person\u00a0 in der Schweiz w\u00e4hrend einer Stunde arbeitet, ausgedr\u00fcckt in Franken.<\/p>\n<p><a href=\"https:\/\/youtu.be\/bCmFAKDoPxw\" target=\"_blank\" rel=\"noopener noreferrer\">Der \u00f6kologische Fussabdruck <\/a><\/p>\n<p><a href=\"http:\/\/ddc.arte.tv\/unsere-karten\/der-oekologische-fussabdruck\" target=\"_blank\" rel=\"noopener noreferrer\">Karten zum Film zum besseren Verst\u00e4ndnis<\/a><\/p>\n<p>Der Text\u00a0 &#8222;<a href=\"https:\/\/abuchecker.ch\/abufri\/wp-content\/uploads\/2017\/11\/160322_was-lacc88uft-falsch.docx\" target=\"_blank\" rel=\"noopener noreferrer\">Adam Riese und das Klima&#8220;<\/a> v. Wackernagel M. (NZZ\/2016) greift das Thema vertiefend auf und fragt nach:<\/p>\n<ul>\n<li>Was l\u00e4uft falsch in der Schweiz?<\/li>\n<li>Was m\u00fcsste die Schweiz unternehmen?<\/li>\n<\/ul>\n<p>&nbsp;<\/p>\n","protected":false},"excerpt":{"rendered":"<p>Der kurze Film von ARTE enth\u00e4lt viele Angaben, wie der \u00f6kologische Fussabdruck berechnet wird. Vor dem Einsatz im Unterricht ist&hellip;<\/p>\n","protected":false},"author":1,"featured_media":539,"comment_status":"open","ping_status":"open","sticky":false,"template":"","format":"standard","meta":{"footnotes":""},"categories":[4,5,7,10,44],"tags":[63],"class_list":["post-532","post","type-post","status-publish","format-standard","has-post-thumbnail","hentry","category-3-lehrjahr","category-4-lehrjahr","category-allgemein","category-oekologie","category-wirtschaft_produktion","tag-oekologischer-fussabdruck"],"_links":{"self":[{"href":"https:\/\/abuchecker.ch\/abufri\/index.php?rest_route=\/wp\/v2\/posts\/532","targetHints":{"allow":["GET"]}}],"collection":[{"href":"https:\/\/abuchecker.ch\/abufri\/index.php?rest_route=\/wp\/v2\/posts"}],"about":[{"href":"https:\/\/abuchecker.ch\/abufri\/index.php?rest_route=\/wp\/v2\/types\/post"}],"author":[{"embeddable":true,"href":"https:\/\/abuchecker.ch\/abufri\/index.php?rest_route=\/wp\/v2\/users\/1"}],"replies":[{"embeddable":true,"href":"https:\/\/abuchecker.ch\/abufri\/index.php?rest_route=%2Fwp%2Fv2%2Fcomments&post=532"}],"version-history":[{"count":2,"href":"https:\/\/abuchecker.ch\/abufri\/index.php?rest_route=\/wp\/v2\/posts\/532\/revisions"}],"predecessor-version":[{"id":1617,"href":"https:\/\/abuchecker.ch\/abufri\/index.php?rest_route=\/wp\/v2\/posts\/532\/revisions\/1617"}],"wp:featuredmedia":[{"embeddable":true,"href":"https:\/\/abuchecker.ch\/abufri\/index.php?rest_route=\/wp\/v2\/media\/539"}],"wp:attachment":[{"href":"https:\/\/abuchecker.ch\/abufri\/index.php?rest_route=%2Fwp%2Fv2%2Fmedia&parent=532"}],"wp:term":[{"taxonomy":"category","embeddable":true,"href":"https:\/\/abuchecker.ch\/abufri\/index.php?rest_route=%2Fwp%2Fv2%2Fcategories&post=532"},{"taxonomy":"post_tag","embeddable":true,"href":"https:\/\/abuchecker.ch\/abufri\/index.php?rest_route=%2Fwp%2Fv2%2Ftags&post=532"}],"curies":[{"name":"wp","href":"https:\/\/api.w.org\/{rel}","templated":true}]}}