{"id":507,"date":"2017-11-03T15:07:13","date_gmt":"2017-11-03T14:07:13","guid":{"rendered":"https:\/\/abufri.wordpress.com\/?p=507"},"modified":"2017-11-03T15:07:13","modified_gmt":"2017-11-03T14:07:13","slug":"gott-arbeit-geld-wie-die-reformation-die-wirtschaft-spaltete","status":"publish","type":"post","link":"https:\/\/abuchecker.ch\/abufri\/?p=507","title":{"rendered":"Gott Arbeit Geld \u2013 Wie die Reformation die Wirtschaft spaltete"},"content":{"rendered":"<p>Die Reformatoren leiteten bereits vor 500 Jahren eine nachhaltige wirtschaftliche Entwicklung ein. Sie investierten ihr Geld in den Fortschritt und neue Projekte, eine Finanzierungsform als Teil ihrer Ethik. \u00a0Die Katholiken hingegen \u00a0investierten ihr Geld vorerst in prunkvolle Bauten, wollten Gott und dem Jenseits gefallen. Erst sp\u00e4t im 20 Jh. \u00e4nderten sich diese Praktiken.<\/p>\n<p>Dann passiert n\u00e4mlich, womit niemand gerechnet hat: Die Katholiken, politisch und wirtschaftlich mit dem R\u00fccken zur Wand, setzen zu einer eindr\u00fccklichen Aufholjagd an. Gleichzeitig werden auf protestantischer Seite fortschrittskeptische Stimmen laut.<\/p>\n<p>Lassen sich die riesigen wirtschaftlichen Unterschiede zwischen katholischen und reformierten Kantonen alleine mit Luther, Zwingli und Calvin erkl\u00e4ren? Der Film von Andreas Kohli sucht nach Antworten.<\/p>\n<p><a href=\"https:\/\/srf.ch\/play\/tv\/dok\/video\/gott-arbeit-geld---wie-die-reformation-die-wirtschaft-spaltete?id=78c4cf50-1dc3-4fbc-b178-e64746280d4b&amp;station=69e8ac16-4327-4af4-b873-fd5cd6e895a7\" target=\"_blank\" rel=\"noopener noreferrer\">Film SRF:\u00a0Gott Arbeit Geld \u2013 Wie die Reformation die Wirtschaft spaltete (52 Min.)<\/a><\/p>\n","protected":false},"excerpt":{"rendered":"<p>Die Reformatoren leiteten bereits vor 500 Jahren eine nachhaltige wirtschaftliche Entwicklung ein. Sie investierten ihr Geld in den Fortschritt und&hellip;<\/p>\n","protected":false},"author":1,"featured_media":527,"comment_status":"open","ping_status":"open","sticky":false,"template":"","format":"standard","meta":{"footnotes":""},"categories":[8,42],"tags":[128],"class_list":["post-507","post","type-post","status-publish","format-standard","has-post-thumbnail","hentry","category-arbeit","category-wirtschaft_investition","tag-protestantische-ethik"],"_links":{"self":[{"href":"https:\/\/abuchecker.ch\/abufri\/index.php?rest_route=\/wp\/v2\/posts\/507","targetHints":{"allow":["GET"]}}],"collection":[{"href":"https:\/\/abuchecker.ch\/abufri\/index.php?rest_route=\/wp\/v2\/posts"}],"about":[{"href":"https:\/\/abuchecker.ch\/abufri\/index.php?rest_route=\/wp\/v2\/types\/post"}],"author":[{"embeddable":true,"href":"https:\/\/abuchecker.ch\/abufri\/index.php?rest_route=\/wp\/v2\/users\/1"}],"replies":[{"embeddable":true,"href":"https:\/\/abuchecker.ch\/abufri\/index.php?rest_route=%2Fwp%2Fv2%2Fcomments&post=507"}],"version-history":[{"count":0,"href":"https:\/\/abuchecker.ch\/abufri\/index.php?rest_route=\/wp\/v2\/posts\/507\/revisions"}],"wp:featuredmedia":[{"embeddable":true,"href":"https:\/\/abuchecker.ch\/abufri\/index.php?rest_route=\/wp\/v2\/media\/527"}],"wp:attachment":[{"href":"https:\/\/abuchecker.ch\/abufri\/index.php?rest_route=%2Fwp%2Fv2%2Fmedia&parent=507"}],"wp:term":[{"taxonomy":"category","embeddable":true,"href":"https:\/\/abuchecker.ch\/abufri\/index.php?rest_route=%2Fwp%2Fv2%2Fcategories&post=507"},{"taxonomy":"post_tag","embeddable":true,"href":"https:\/\/abuchecker.ch\/abufri\/index.php?rest_route=%2Fwp%2Fv2%2Ftags&post=507"}],"curies":[{"name":"wp","href":"https:\/\/api.w.org\/{rel}","templated":true}]}}