{"id":452,"date":"2017-10-30T10:43:21","date_gmt":"2017-10-30T09:43:21","guid":{"rendered":"https:\/\/abufri.wordpress.com\/?p=452"},"modified":"2017-10-30T10:43:21","modified_gmt":"2017-10-30T09:43:21","slug":"vaterschaftsurlaub-ist-die-schweiz-wirklich-so-rueckstaendig-ein-vergleich","status":"publish","type":"post","link":"https:\/\/abuchecker.ch\/abufri\/?p=452","title":{"rendered":"Vaterschaftsurlaub &#8211;  ist die Schweiz wirklich so r\u00fcckst\u00e4ndig? Ein Vergleich&#8230;"},"content":{"rendered":"<p>Die Schweiz sei familienpolitisch ein Entwicklungsland in Europa, argumentieren Bef\u00fcrworter eines vierw\u00f6chigen Vaterschaftsurlaubs. Ein Blick \u00fcber die Landesgrenze zeigt aber: Auch bei unseren Nachbarn ist nicht alles Gold, was gl\u00e4nzt.<\/p>\n<p><a href=\"https:\/\/abuchecker.ch\/abufri\/wp-content\/uploads\/2017\/10\/selection.pdf\" target=\"_blank\" rel=\"noopener noreferrer\">FN-Artikel: Der Schein tr\u00fcgt bei der Papizeit (30.10.2017)<\/a><\/p>\n<p><a href=\"https:\/\/www.admin.ch\/ch\/d\/pore\/vi\/vis468t.html\" target=\"_blank\" rel=\"noopener noreferrer\">Initiative Vaterschaftsurlaub im Wortlaut<\/a><\/p>\n","protected":false},"excerpt":{"rendered":"<p>Die Schweiz sei familienpolitisch ein Entwicklungsland in Europa, argumentieren Bef\u00fcrworter eines vierw\u00f6chigen Vaterschaftsurlaubs. Ein Blick \u00fcber die Landesgrenze zeigt aber:&hellip;<\/p>\n","protected":false},"author":1,"featured_media":469,"comment_status":"open","ping_status":"open","sticky":false,"template":"","format":"standard","meta":{"footnotes":""},"categories":[8,19],"tags":[159],"class_list":["post-452","post","type-post","status-publish","format-standard","has-post-thumbnail","hentry","category-arbeit","category-familie","tag-vaterschaftsurlaub"],"_links":{"self":[{"href":"https:\/\/abuchecker.ch\/abufri\/index.php?rest_route=\/wp\/v2\/posts\/452","targetHints":{"allow":["GET"]}}],"collection":[{"href":"https:\/\/abuchecker.ch\/abufri\/index.php?rest_route=\/wp\/v2\/posts"}],"about":[{"href":"https:\/\/abuchecker.ch\/abufri\/index.php?rest_route=\/wp\/v2\/types\/post"}],"author":[{"embeddable":true,"href":"https:\/\/abuchecker.ch\/abufri\/index.php?rest_route=\/wp\/v2\/users\/1"}],"replies":[{"embeddable":true,"href":"https:\/\/abuchecker.ch\/abufri\/index.php?rest_route=%2Fwp%2Fv2%2Fcomments&post=452"}],"version-history":[{"count":0,"href":"https:\/\/abuchecker.ch\/abufri\/index.php?rest_route=\/wp\/v2\/posts\/452\/revisions"}],"wp:featuredmedia":[{"embeddable":true,"href":"https:\/\/abuchecker.ch\/abufri\/index.php?rest_route=\/wp\/v2\/media\/469"}],"wp:attachment":[{"href":"https:\/\/abuchecker.ch\/abufri\/index.php?rest_route=%2Fwp%2Fv2%2Fmedia&parent=452"}],"wp:term":[{"taxonomy":"category","embeddable":true,"href":"https:\/\/abuchecker.ch\/abufri\/index.php?rest_route=%2Fwp%2Fv2%2Fcategories&post=452"},{"taxonomy":"post_tag","embeddable":true,"href":"https:\/\/abuchecker.ch\/abufri\/index.php?rest_route=%2Fwp%2Fv2%2Ftags&post=452"}],"curies":[{"name":"wp","href":"https:\/\/api.w.org\/{rel}","templated":true}]}}