{"id":437,"date":"2017-10-26T21:54:24","date_gmt":"2017-10-26T19:54:24","guid":{"rendered":"https:\/\/abufri.wordpress.com\/?p=437"},"modified":"2017-10-26T21:54:24","modified_gmt":"2017-10-26T19:54:24","slug":"leben-mit-adhs","status":"publish","type":"post","link":"https:\/\/abuchecker.ch\/abufri\/?p=437","title":{"rendered":"Leben mit ADHS"},"content":{"rendered":"<p>In den Klassenzimmern sind Lernende mit ADHS St\u00f6renfriede. Sie schw\u00e4tzen andauernd, bewegen sich hin und her oder k\u00f6nnen die Inputs von Lehrpersonen nur teilweise richtig umsetzen. Was steckt dahinter? Welche schulische Beziehung ben\u00f6tigen Jugendliche mit der Diagnose ADHS?<\/p>\n<p>Der folgende Dokfilm Leben mit ADHS zeigt\u00a0Kilian, Dominik und C\u00e9line, die unter ADHS, dem sogenannten Aufmerksamkeitsdefizitsyndrom leiden. Vor sechs Jahren hat SRF die drei Kinder, damals neun-, zw\u00f6lf- und vierzehnj\u00e4hrig, das erste Mal gefilmt. Nun steigen sie in die Berufswelt ein.<\/p>\n<p><a href=\"https:\/\/www.srf.ch\/sendungen\/dok\/leben-mit-adhs\" target=\"_blank\" rel=\"noopener noreferrer\">Leben mit ADHS (50 Min.)<\/a><\/p>\n<p><a href=\"https:\/\/www.srf.ch\/sendungen\/dok\/10-fakten-zu-adhs\" target=\"_blank\" rel=\"noopener noreferrer\">Fakten zu ADHS<\/a><\/p>\n","protected":false},"excerpt":{"rendered":"<p>In den Klassenzimmern sind Lernende mit ADHS St\u00f6renfriede. Sie schw\u00e4tzen andauernd, bewegen sich hin und her oder k\u00f6nnen die Inputs&hellip;<\/p>\n","protected":false},"author":1,"featured_media":451,"comment_status":"open","ping_status":"open","sticky":false,"template":"","format":"standard","meta":{"footnotes":""},"categories":[7],"tags":[48],"class_list":["post-437","post","type-post","status-publish","format-standard","has-post-thumbnail","hentry","category-allgemein","tag-adhs"],"_links":{"self":[{"href":"https:\/\/abuchecker.ch\/abufri\/index.php?rest_route=\/wp\/v2\/posts\/437","targetHints":{"allow":["GET"]}}],"collection":[{"href":"https:\/\/abuchecker.ch\/abufri\/index.php?rest_route=\/wp\/v2\/posts"}],"about":[{"href":"https:\/\/abuchecker.ch\/abufri\/index.php?rest_route=\/wp\/v2\/types\/post"}],"author":[{"embeddable":true,"href":"https:\/\/abuchecker.ch\/abufri\/index.php?rest_route=\/wp\/v2\/users\/1"}],"replies":[{"embeddable":true,"href":"https:\/\/abuchecker.ch\/abufri\/index.php?rest_route=%2Fwp%2Fv2%2Fcomments&post=437"}],"version-history":[{"count":0,"href":"https:\/\/abuchecker.ch\/abufri\/index.php?rest_route=\/wp\/v2\/posts\/437\/revisions"}],"wp:featuredmedia":[{"embeddable":true,"href":"https:\/\/abuchecker.ch\/abufri\/index.php?rest_route=\/wp\/v2\/media\/451"}],"wp:attachment":[{"href":"https:\/\/abuchecker.ch\/abufri\/index.php?rest_route=%2Fwp%2Fv2%2Fmedia&parent=437"}],"wp:term":[{"taxonomy":"category","embeddable":true,"href":"https:\/\/abuchecker.ch\/abufri\/index.php?rest_route=%2Fwp%2Fv2%2Fcategories&post=437"},{"taxonomy":"post_tag","embeddable":true,"href":"https:\/\/abuchecker.ch\/abufri\/index.php?rest_route=%2Fwp%2Fv2%2Ftags&post=437"}],"curies":[{"name":"wp","href":"https:\/\/api.w.org\/{rel}","templated":true}]}}