{"id":350,"date":"2017-10-09T14:02:45","date_gmt":"2017-10-09T12:02:45","guid":{"rendered":"https:\/\/abufri.wordpress.com\/?p=350"},"modified":"2017-10-09T14:02:45","modified_gmt":"2017-10-09T12:02:45","slug":"kampf-um-katalonien-wie-eng-darf-die-demokratie-ihre-eigenen-grenzen-setzen","status":"publish","type":"post","link":"https:\/\/abuchecker.ch\/abufri\/?p=350","title":{"rendered":"Kampf um Katalonien &#8211; Wie eng darf die Demokratie ihre eigenen Grenzen setzen?"},"content":{"rendered":"<h6><span style=\"text-align:left;color:#555555;text-transform:none;text-indent:0;letter-spacing:normal;font-family:Arial, Helvetica, 'Helvetica Neue', sans-serif;font-size:12px;font-style:normal;font-weight:normal;word-spacing:0;float:none;display:inline !important;white-space:normal;orphans:2;widows:2;background-color:#ffffff;text-decoration-style:initial;text-decoration-color:initial;\">\u00a0<\/span><\/h6>\n<p>Polizisten kn\u00fcppeln die Demokratie nieder. Die Referendumsbef\u00fcrworter f\u00fcr ein unabh\u00e4ngiges Katalonien sehen sich teils massiver staatlicher Gewalt ausgesetzt. W\u00e4re ein solches Szenario auch in der Schweiz vorstellbar? Was w\u00e4re, wenn sich pl\u00f6tzlich Genf oder das Tessin aus dem f\u00f6deralistischen Bundesstaat verabschieden m\u00f6chte?\u00a0 Folgender Link gibt Auskunft \u00fcber die aktuelle Lage vor Ort in Barcelona. <a href=\"https:\/\/www.srf.ch\/play\/tv\/popupvideoplayer?id=f97146dd-4276-4ba2-9248-d7e8fa0672e6&amp;startTime=3.256\" target=\"_blank\" rel=\"noopener noreferrer\">Kampf um Katalonien<\/a><\/p>\n<p>Wie weit darf die Zentralregierung in Madrid gehen? Der spanische Historiker C.C. Seidel kl\u00e4rt \u00fcber die Zust\u00e4nde in Barcelona auf. <a href=\"https:\/\/www.srf.ch\/play\/tv\/popupvideoplayer?id=12662d18-d4e7-4987-89fc-7e65ad9b6e10&amp;startTime=8.477\" target=\"_blank\" rel=\"noopener noreferrer\">Hier zum Link!<\/a><\/p>\n<p>&nbsp;<\/p>\n<p>&nbsp;<\/p>\n<p>&nbsp;<\/p>\n<p>&nbsp;<\/p>\n","protected":false},"excerpt":{"rendered":"<p>\u00a0 Polizisten kn\u00fcppeln die Demokratie nieder. Die Referendumsbef\u00fcrworter f\u00fcr ein unabh\u00e4ngiges Katalonien sehen sich teils massiver staatlicher Gewalt ausgesetzt. W\u00e4re&hellip;<\/p>\n","protected":false},"author":1,"featured_media":378,"comment_status":"open","ping_status":"open","sticky":false,"template":"","format":"standard","meta":{"footnotes":""},"categories":[14,31],"tags":[],"class_list":["post-350","post","type-post","status-publish","format-standard","has-post-thumbnail","hentry","category-demokratie","category-politik_meinungsbildung"],"_links":{"self":[{"href":"https:\/\/abuchecker.ch\/abufri\/index.php?rest_route=\/wp\/v2\/posts\/350","targetHints":{"allow":["GET"]}}],"collection":[{"href":"https:\/\/abuchecker.ch\/abufri\/index.php?rest_route=\/wp\/v2\/posts"}],"about":[{"href":"https:\/\/abuchecker.ch\/abufri\/index.php?rest_route=\/wp\/v2\/types\/post"}],"author":[{"embeddable":true,"href":"https:\/\/abuchecker.ch\/abufri\/index.php?rest_route=\/wp\/v2\/users\/1"}],"replies":[{"embeddable":true,"href":"https:\/\/abuchecker.ch\/abufri\/index.php?rest_route=%2Fwp%2Fv2%2Fcomments&post=350"}],"version-history":[{"count":0,"href":"https:\/\/abuchecker.ch\/abufri\/index.php?rest_route=\/wp\/v2\/posts\/350\/revisions"}],"wp:featuredmedia":[{"embeddable":true,"href":"https:\/\/abuchecker.ch\/abufri\/index.php?rest_route=\/wp\/v2\/media\/378"}],"wp:attachment":[{"href":"https:\/\/abuchecker.ch\/abufri\/index.php?rest_route=%2Fwp%2Fv2%2Fmedia&parent=350"}],"wp:term":[{"taxonomy":"category","embeddable":true,"href":"https:\/\/abuchecker.ch\/abufri\/index.php?rest_route=%2Fwp%2Fv2%2Fcategories&post=350"},{"taxonomy":"post_tag","embeddable":true,"href":"https:\/\/abuchecker.ch\/abufri\/index.php?rest_route=%2Fwp%2Fv2%2Ftags&post=350"}],"curies":[{"name":"wp","href":"https:\/\/api.w.org\/{rel}","templated":true}]}}