{"id":338,"date":"2017-10-03T16:41:50","date_gmt":"2017-10-03T14:41:50","guid":{"rendered":"https:\/\/abufri.wordpress.com\/?p=338"},"modified":"2017-10-03T16:41:50","modified_gmt":"2017-10-03T14:41:50","slug":"verhuellungsverbot-nach-oesterreich-auch-in-der-schweiz","status":"publish","type":"post","link":"https:\/\/abuchecker.ch\/abufri\/?p=338","title":{"rendered":"Verh\u00fcllungsverbot nach \u00d6sterreich auch in der Schweiz ?"},"content":{"rendered":"<p>Die Schweiz ist ein Ferienparadies f\u00fcr arabische Touristen. Schweiz Tourismus l\u00e4dt Ber\u00fchmtheiten aus den Golfstaaten als Werbebotschafter ein. Zugleich wird bald \u00fcber ein Verh\u00fcllungsverbot abgestimmt, das vor allem Touristinnen betreffen w\u00fcrde. Was halten die verschleierten Frauen davon?<\/p>\n<p>Dokufilm: <a href=\"http:\/\/www.srf.ch\/sendungen\/dok\/verschleiert-arabische-touristen-in-der-schweiz\">Verschleiert &#8211; Arabische Touristen in der Schweiz (49 Min.)<\/a><\/p>\n<p>Nach dem Tessin hat sich auch der Kanton St. Gallen f\u00fcr ein Verh\u00fcllungsverbot ausgesprochen. Nur ein paar Tage zuvor, am 15. September, hat das Egerkinger Komittee die Volksinitiative \u00abJa zum Verh\u00fcllungsverbot\u00bb eingereicht. <a href=\"http:\/\/www.srf.ch\/sendungen\/dok\/wer-sich-verhuellt-ist-nicht-frei\">Hier die Ansage!\u00a0<\/a>Die Tourismusdestinationen der Schweiz haben daran wenig Freude.<\/p>\n<p>&nbsp;<\/p>\n","protected":false},"excerpt":{"rendered":"<p>Die Schweiz ist ein Ferienparadies f\u00fcr arabische Touristen. Schweiz Tourismus l\u00e4dt Ber\u00fchmtheiten aus den Golfstaaten als Werbebotschafter ein. Zugleich wird&hellip;<\/p>\n","protected":false},"author":1,"featured_media":349,"comment_status":"open","ping_status":"open","sticky":false,"template":"","format":"standard","meta":{"footnotes":""},"categories":[31,38,45],"tags":[161],"class_list":["post-338","post","type-post","status-publish","format-standard","has-post-thumbnail","hentry","category-politik_meinungsbildung","category-tourismus","category-zusammenleben","tag-verhuellungsverbot"],"_links":{"self":[{"href":"https:\/\/abuchecker.ch\/abufri\/index.php?rest_route=\/wp\/v2\/posts\/338","targetHints":{"allow":["GET"]}}],"collection":[{"href":"https:\/\/abuchecker.ch\/abufri\/index.php?rest_route=\/wp\/v2\/posts"}],"about":[{"href":"https:\/\/abuchecker.ch\/abufri\/index.php?rest_route=\/wp\/v2\/types\/post"}],"author":[{"embeddable":true,"href":"https:\/\/abuchecker.ch\/abufri\/index.php?rest_route=\/wp\/v2\/users\/1"}],"replies":[{"embeddable":true,"href":"https:\/\/abuchecker.ch\/abufri\/index.php?rest_route=%2Fwp%2Fv2%2Fcomments&post=338"}],"version-history":[{"count":0,"href":"https:\/\/abuchecker.ch\/abufri\/index.php?rest_route=\/wp\/v2\/posts\/338\/revisions"}],"wp:featuredmedia":[{"embeddable":true,"href":"https:\/\/abuchecker.ch\/abufri\/index.php?rest_route=\/wp\/v2\/media\/349"}],"wp:attachment":[{"href":"https:\/\/abuchecker.ch\/abufri\/index.php?rest_route=%2Fwp%2Fv2%2Fmedia&parent=338"}],"wp:term":[{"taxonomy":"category","embeddable":true,"href":"https:\/\/abuchecker.ch\/abufri\/index.php?rest_route=%2Fwp%2Fv2%2Fcategories&post=338"},{"taxonomy":"post_tag","embeddable":true,"href":"https:\/\/abuchecker.ch\/abufri\/index.php?rest_route=%2Fwp%2Fv2%2Ftags&post=338"}],"curies":[{"name":"wp","href":"https:\/\/api.w.org\/{rel}","templated":true}]}}