{"id":2425,"date":"2025-09-17T08:31:27","date_gmt":"2025-09-17T08:31:27","guid":{"rendered":"https:\/\/abuchecker.ch\/abufri\/?p=2425"},"modified":"2025-09-17T08:31:27","modified_gmt":"2025-09-17T08:31:27","slug":"gluecksfresser-smartphone-helfen-jugendlichen-nur-noch-verbote","status":"publish","type":"post","link":"https:\/\/abuchecker.ch\/abufri\/?p=2425","title":{"rendered":"Gl\u00fccksfresser Smartphone \u2013 Helfen Jugendlichen nur noch Verbote?"},"content":{"rendered":"<p>&nbsp;<\/p>\n<h2><strong>Authentische Aufgabe zum Thema Smartphone &#8211; ein Gl\u00fccksfresser ?<\/strong><\/h2>\n<p><strong>Thema:<\/strong> Digitale Medien &amp; Selbstverantwortung<\/p>\n<p><strong>Authentische Aufgabe<\/strong>: Die Lernenden reflektieren ihren Umgang mit dem Smartphone im Alltag und erstellen danach einen pers\u00f6nlichen Leitfaden- eine Art &#8222;Digitale Balance&#8220; oder ein Infoposter, Kurzvideo, Mindmap, Podcast oder digitales Moodboard. (mit Lernenden zusammen ausw\u00e4hlen). Der Filmbeitrag\u00a0 <em>\u201eGl\u00fccksfresser Smartphone \u2013 Helfen Jugendlichen nur noch Verbote?\u201c\u00a0 <\/em>dient als Hintergrundinformation (aus Puls, SRF_September 2025)<\/p>\n<p><strong>Film:<\/strong> <em>\u201eGl\u00fccksfresser Smartphone \u2013 Helfen Jugendlichen nur noch Verbote?\u201c\u00a0 \u00a0 \u00a0 \u00a0 \u00a0 \u00a0 \u00a0 \u00a0 \u00a0 \u00a0 \u00a0 \u00a0 \u00a0 \u00a0 \u00a0 \u00a0 \u00a0 \u00a0 \u00a0 \u00a0 \u00a0 \u00a0 \u00a0 \u00a0 \u00a0 \u00a0 \u00a0 \u00a0 \u00a0 \u00a0 \u00a0 \u00a0 \u00a0 \u00a0 \u00a0 \u00a0 \u00a0 \u00a0 \u00a0 \u00a0 \u00a0 \u00a0 \u00a0 \u00a0 \u00a0 \u00a0 \u00a0 \u00a0 \u00a0 \u00a0 \u00a0 \u00a0 \u00a0 \u00a0 \u00a0 \u00a0 \u00a0 \u00a0 \u00a0 \u00a0 \u00a0 \u00a0 \u00a0 \u00a0 \u00a0 \u00a0 \u00a0 \u00a0 \u00a0 \u00a0 \u00a0 \u00a0<\/em><\/p>\n<p><em>Jugendliche sind immer ungl\u00fccklicher und leiden h\u00e4ufig an psychischen Problemen. Ein Hauptverd\u00e4chtiger: das Smartphone. \u00abPuls\u00bb geht der Frage nach, welche Rezepte helfen, damit Kinder in der digitalisierten Welt gesund und gl\u00fccklich aufwachsen k\u00f6nnen.<\/em><\/p>\n<p><em>Link: <\/em><a href=\"https:\/\/eduetatfr.sharepoint.com\/:v:\/r\/sites\/EPAI-GIBS\/Documents%20partages\/M%C3%A9diath%C3%A8que\/Gl%C3%BCcksfresser%20Smartphone%20%E2%80%93%20Helfen%20Jugendlichen%20nur%20noch%20Verbote.mp4?csf=1&amp;web=1&amp;e=f3INSf&amp;nav=eyJyZWZlcnJhbEluZm8iOnsicmVmZXJyYWxBcHAiOiJTdHJlYW1XZWJBcHAiLCJyZWZlcnJhbFZpZXciOiJTaGFyZURpYWxvZy1MaW5rIiwicmVmZXJyYWxBcHBQbGF0Zm9ybSI6IldlYiIsInJlZmVycmFsTW9kZSI6InZpZXcifX0%3D\">Gl\u00fccksfresser Smartphone \u2013 Helfen Jugendlichen nur noch Verbote.mp4<\/a><\/p>\n<hr \/>\n<h3><strong>Authentische Aufgabe: Digitales Wohlbefinden im Alltag reflektieren und verbessern<\/strong><\/h3>\n<p><strong>Titel der Aufgabe:<\/strong><br \/>\n<em>\u201eDigitaler Alltag \u2013 Wer kontrolliert wen?\u201c<\/em><\/p>\n<hr \/>\n<h3><strong>Einstieg: Visionierung und Diskussion<\/strong><\/h3>\n<p><strong>Film (Input):<\/strong><br \/>\n<em>Gl\u00fccksfresser Smartphone \u2013 Helfen Jugendlichen nur noch Verbote?<\/em><br \/>\n(SRF DOK, Laufzeit: ca. 50 Min)<\/p>\n<p><strong>Ablauf Visionierung (optional gek\u00fcrzt in Sequenzen):<\/strong><\/p>\n<ul>\n<li>Vor dem Film: Blitzumfrage oder Mentimeter: <em>\u201eWie viele Stunden pro Tag nutze ich mein Smartphone?\u201c<\/em><\/li>\n<li>W\u00e4hrend des Films: Beobachtungsauftrag f\u00fcr Lernende<br \/>\n\u2192 <em>Wor\u00fcber sprechen die Jugendlichen? Welche Probleme thematisieren sie? Welche L\u00f6sungen werden diskutiert?<\/em><\/li>\n<\/ul>\n<hr \/>\n<h3><strong>Aufgabe: Alltag analysieren \u2013 Vorschl\u00e4ge erarbeiten<\/strong><\/h3>\n<p>Die Lernenden&#8230;<\/p>\n<ol>\n<li><strong>erstellen ein eigenes Nutzungsprotokoll (1 Woche):<\/strong>\n<ul>\n<li>Wann und wie lange benutze ich mein Smartphone?<\/li>\n<li>Wof\u00fcr? (Soziale Medien, Spiele, Lernen, Unterhaltung, etc.)<\/li>\n<li>Wie f\u00fchle ich mich danach?<\/li>\n<\/ul>\n<\/li>\n<li><strong>analysieren das eigene Verhalten:<\/strong>\n<ul>\n<li>Was f\u00e4llt mir auf?<\/li>\n<li>Gibt es Momente, in denen ich mich \u201efremdgesteuert\u201c f\u00fchle?<\/li>\n<li>Wie wirkt sich mein Smartphone-Alltag auf meinen Schlaf, meine Konzentration, meine Beziehungen aus?<\/li>\n<\/ul>\n<\/li>\n<li><strong>entwickeln einen pers\u00f6nlichen Leitfaden \u201eDigital Balance\u201c:<\/strong>\n<ul>\n<li>5 konkrete Regeln oder Tipps f\u00fcr einen besseren Umgang mit dem Smartphone.<\/li>\n<li>Kreative Form: Infoposter, Kurzvideo, Mindmap, Podcast oder digitales Moodboard.<\/li>\n<\/ul>\n<\/li>\n<li><strong>diskutieren im Plenum oder in Gruppen:<\/strong>\n<ul>\n<li>Sollten Schulen oder Eltern Nutzungsverbote einf\u00fchren?<\/li>\n<li>Was w\u00e4re sinnvoller als ein Verbot?<\/li>\n<li>Welche Verantwortung trage ich selbst?<\/li>\n<\/ul>\n<\/li>\n<\/ol>\n<hr \/>\n<h3><strong>Kompetenzen (aus RLP):<\/strong><\/h3>\n<ul>\n<li><strong>Schl\u00fcsselkompetenz 3.2.5:<\/strong> Eigene Werthaltungen reflektieren<\/li>\n<li><strong>3.2.8:<\/strong> Lebensphasen planen und mit Herausforderungen umgehen<\/li>\n<li><strong>3.2.10:<\/strong> Sich an ein sich wandelndes Umfeld anpassen<\/li>\n<li><strong>Sprache (SuK):<\/strong> Reflexion (schriftlich oder m\u00fcndlich), Medienproduktion, Pr\u00e4sentation<\/li>\n<li><strong>Gesellschaft:<\/strong> Aspekte Identit\u00e4t \/ Digitalisierung \/ Gesundheit \/ Ethik<\/li>\n<\/ul>\n<hr \/>\n<h3>\ufe0f <strong>Erweiterungsideen:<\/strong><\/h3>\n<ul>\n<li>Peer-to-Peer-Kampagne zur Smartphonenutzung gestalten<\/li>\n<li>Diskussion mit einem Experten (z.\u202fB. Suchtpr\u00e4vention)<\/li>\n<li>Reflexion \u00fcber Datenschutz und Konsumverhalten in sozialen Medien<\/li>\n<\/ul>\n<p>&nbsp;<\/p>\n<p>&nbsp;<\/p>\n","protected":false},"excerpt":{"rendered":"<p>&nbsp; Authentische Aufgabe zum Thema Smartphone &#8211; ein Gl\u00fccksfresser ? Thema: Digitale Medien &amp; Selbstverantwortung Authentische Aufgabe: Die Lernenden reflektieren&hellip;<\/p>\n","protected":false},"author":1,"featured_media":2426,"comment_status":"open","ping_status":"open","sticky":false,"template":"","format":"standard","meta":{"footnotes":""},"categories":[2,3,4,5],"tags":[267],"class_list":["post-2425","post","type-post","status-publish","format-standard","has-post-thumbnail","hentry","category-1-lehrjahr","category-2-lehrjahr","category-3-lehrjahr","category-4-lehrjahr","tag-smartphone"],"_links":{"self":[{"href":"https:\/\/abuchecker.ch\/abufri\/index.php?rest_route=\/wp\/v2\/posts\/2425","targetHints":{"allow":["GET"]}}],"collection":[{"href":"https:\/\/abuchecker.ch\/abufri\/index.php?rest_route=\/wp\/v2\/posts"}],"about":[{"href":"https:\/\/abuchecker.ch\/abufri\/index.php?rest_route=\/wp\/v2\/types\/post"}],"author":[{"embeddable":true,"href":"https:\/\/abuchecker.ch\/abufri\/index.php?rest_route=\/wp\/v2\/users\/1"}],"replies":[{"embeddable":true,"href":"https:\/\/abuchecker.ch\/abufri\/index.php?rest_route=%2Fwp%2Fv2%2Fcomments&post=2425"}],"version-history":[{"count":2,"href":"https:\/\/abuchecker.ch\/abufri\/index.php?rest_route=\/wp\/v2\/posts\/2425\/revisions"}],"predecessor-version":[{"id":2428,"href":"https:\/\/abuchecker.ch\/abufri\/index.php?rest_route=\/wp\/v2\/posts\/2425\/revisions\/2428"}],"wp:featuredmedia":[{"embeddable":true,"href":"https:\/\/abuchecker.ch\/abufri\/index.php?rest_route=\/wp\/v2\/media\/2426"}],"wp:attachment":[{"href":"https:\/\/abuchecker.ch\/abufri\/index.php?rest_route=%2Fwp%2Fv2%2Fmedia&parent=2425"}],"wp:term":[{"taxonomy":"category","embeddable":true,"href":"https:\/\/abuchecker.ch\/abufri\/index.php?rest_route=%2Fwp%2Fv2%2Fcategories&post=2425"},{"taxonomy":"post_tag","embeddable":true,"href":"https:\/\/abuchecker.ch\/abufri\/index.php?rest_route=%2Fwp%2Fv2%2Ftags&post=2425"}],"curies":[{"name":"wp","href":"https:\/\/api.w.org\/{rel}","templated":true}]}}