{"id":2416,"date":"2025-04-03T11:04:25","date_gmt":"2025-04-03T11:04:25","guid":{"rendered":"https:\/\/abuchecker.ch\/abufri\/?p=2416"},"modified":"2025-04-03T11:09:50","modified_gmt":"2025-04-03T11:09:50","slug":"gefaehrliches-netz-wie-du-dich-schuetzen-kannst","status":"publish","type":"post","link":"https:\/\/abuchecker.ch\/abufri\/?p=2416","title":{"rendered":"Gef\u00e4hrliches Netz &#8211; Wie du dich sch\u00fctzen kannst!"},"content":{"rendered":"<h2><strong>Gef\u00e4hrliches Netz \u2013 Die dunkle Seite der Algorithmen<\/strong><\/h2>\n<blockquote><p><em>\u201eWenn du nicht f\u00fcr das Produkt bezahlst, bist du das Produkt.\u201c<\/em><br \/>\nDiese Aussage mag abgedroschen klingen \u2013 aber sie bringt die Realit\u00e4t des digitalen Zeitalters erschreckend gut auf den Punkt.<\/p><\/blockquote>\n<p>&nbsp;<\/p>\n<p>Beim Surfen im Netz, dem Scrollen durch Social Media oder dem Einkaufen auf Online-Plattformen geben wir st\u00e4ndig Daten preis: freiwillig, aber oft auch unwissentlich. Tech-Giganten wie Google, Meta oder Amazon leben nicht prim\u00e4r vom Verkauf ihrer Produkte \u2013 sondern vom pr\u00e4zisen Zuschnitt von Werbung auf Basis gesammelter Nutzerdaten. Das ist f\u00fcr Unternehmen ein goldener Jackpot. F\u00fcr uns und vor allem f\u00fcr unsere Lernenden birgt es aber enorme Risiken.<\/p>\n<h3><strong>Was ist das Problem?<\/strong><\/h3>\n<p>Wer sich durch Cookies klickt, tut das h\u00e4ufig mechanisch, ohne zu hinterfragen. Doch diese Daten \u2013 Suchverl\u00e4ufe, Standortdaten, Klickverhalten \u2013 werden gesammelt, analysiert und verkauft. Oft landen sie auf einem undurchsichtigen Datenmarkt, auf dem auch dubiose Akteure mitbieten. Besonders verletzliche Menschen, etwa Jugendliche, sind leichte Beute: Sie werden gezielt mit manipulativen Inhalten, Werbung oder gar Fake News konfrontiert. Dabei haben sie h\u00e4ufig weder die Erfahrung noch die Werkzeuge, um sich zu sch\u00fctzen.<\/p>\n<h3><strong>Warum betrifft uns das als Lehrpersonen?<\/strong><\/h3>\n<p>Wir unterrichten eine Generation, die im Netz aufgewachsen ist \u2013 aber nicht automatisch medienkompetent ist. Viele Lernende sind sich nicht bewusst, wie sehr ihr digitales Verhalten \u00fcberwacht wird und welche Auswirkungen das haben kann \u2013 von personalisierter Werbung bis hin zur Meinungsbeeinflussung durch Desinformation.<\/p>\n<p>Datenschutz ist nicht nur ein technisches Thema \u2013 es ist ein gesellschaftliches und demokratisches.<\/p>\n<h3><strong>Praxistipp: Unterrichtseinheit zu Datenschutz und Desinformation<\/strong><\/h3>\n<p>Um dieses wichtige Thema konkret und handlungsorientiert zu unterrichten, haben ich eine 90-min\u00fctige Unterrichtseinheit vorbereitet, die auf aktives Mitdenken und Selbstreflexion setzt. Mit diesem Link verf\u00fcgst du \u00fcber die komplette Unterrichtsvorbereitung inklusive Links: <a href=\"https:\/\/eduetatfr-my.sharepoint.com\/:w:\/g\/personal\/marc_philipona_edufr_ch\/EfLiKIU_oJxJgA8u-eq9desBApmNx3iywod7EN_1x4d_gg?e=wA2oXf\" target=\"_blank\" rel=\"noopener\">Arbeitsblatt Datenschutz f\u00fcr Lernende<\/a><\/p>\n<p><strong>Einstieg:<\/strong> Diskussionsfrage + Video (z.\u202fB. SRF \u201eWelche Daten grosse Schweizer Webseiten sammeln\u201c)<br \/>\n<strong>Gruppenarbeit:<\/strong><\/p>\n<ul>\n<li>\u201eDaten-Check\u201c: Welche App hat Zugriff auf Kamera, Mikrofon oder Standort?<\/li>\n<li>\u201eFake oder Fakt?\u201c: Mit echten Beispielen lernen, Desinformation zu erkennen<br \/>\n<strong>Praxisphase:<\/strong><\/li>\n<li>Datenschutz-Einstellungen am eigenen Smartphone anpassen<\/li>\n<li>Werbeblocker installieren, Cookies l\u00f6schen<\/li>\n<li>Fake News erkennen und melden<\/li>\n<\/ul>\n<p><strong>Ziel:<\/strong> Die Lernenden verstehen nicht nur die wirtschaftliche Logik hinter der Daten\u00f6konomie, sondern setzen auch konkrete Schutzma\u00dfnahmen um.<\/p>\n<h3><strong>Fazit: Kleine Schritte, grosse Wirkung<\/strong><\/h3>\n<p>Diese Unterrichtseinheit ist bewusst niedrigschwellig und direkt anwendbar. Sie zeigt: Datenschutz beginnt im Kleinen \u2013 und Aufkl\u00e4rung ist der beste Schutz. Unsere Sch\u00fclerinnen und Sch\u00fcler k\u00f6nnen lernen, sich im Netz klug und kritisch zu bewegen \u2013 wenn wir ihnen die richtigen Fragen stellen und ihnen Werkzeuge an die Hand geben.<\/p>\n<hr \/>\n<p>&nbsp;<\/p>\n<p>&nbsp;<\/p>\n","protected":false},"excerpt":{"rendered":"<p>Gef\u00e4hrliches Netz \u2013 Die dunkle Seite der Algorithmen \u201eWenn du nicht f\u00fcr das Produkt bezahlst, bist du das Produkt.\u201c Diese&hellip;<\/p>\n","protected":false},"author":1,"featured_media":2423,"comment_status":"open","ping_status":"open","sticky":false,"template":"","format":"standard","meta":{"footnotes":""},"categories":[2,3,4,5],"tags":[266],"class_list":["post-2416","post","type-post","status-publish","format-standard","has-post-thumbnail","hentry","category-1-lehrjahr","category-2-lehrjahr","category-3-lehrjahr","category-4-lehrjahr","tag-datenschutz"],"_links":{"self":[{"href":"https:\/\/abuchecker.ch\/abufri\/index.php?rest_route=\/wp\/v2\/posts\/2416","targetHints":{"allow":["GET"]}}],"collection":[{"href":"https:\/\/abuchecker.ch\/abufri\/index.php?rest_route=\/wp\/v2\/posts"}],"about":[{"href":"https:\/\/abuchecker.ch\/abufri\/index.php?rest_route=\/wp\/v2\/types\/post"}],"author":[{"embeddable":true,"href":"https:\/\/abuchecker.ch\/abufri\/index.php?rest_route=\/wp\/v2\/users\/1"}],"replies":[{"embeddable":true,"href":"https:\/\/abuchecker.ch\/abufri\/index.php?rest_route=%2Fwp%2Fv2%2Fcomments&post=2416"}],"version-history":[{"count":4,"href":"https:\/\/abuchecker.ch\/abufri\/index.php?rest_route=\/wp\/v2\/posts\/2416\/revisions"}],"predecessor-version":[{"id":2424,"href":"https:\/\/abuchecker.ch\/abufri\/index.php?rest_route=\/wp\/v2\/posts\/2416\/revisions\/2424"}],"wp:featuredmedia":[{"embeddable":true,"href":"https:\/\/abuchecker.ch\/abufri\/index.php?rest_route=\/wp\/v2\/media\/2423"}],"wp:attachment":[{"href":"https:\/\/abuchecker.ch\/abufri\/index.php?rest_route=%2Fwp%2Fv2%2Fmedia&parent=2416"}],"wp:term":[{"taxonomy":"category","embeddable":true,"href":"https:\/\/abuchecker.ch\/abufri\/index.php?rest_route=%2Fwp%2Fv2%2Fcategories&post=2416"},{"taxonomy":"post_tag","embeddable":true,"href":"https:\/\/abuchecker.ch\/abufri\/index.php?rest_route=%2Fwp%2Fv2%2Ftags&post=2416"}],"curies":[{"name":"wp","href":"https:\/\/api.w.org\/{rel}","templated":true}]}}