{"id":2407,"date":"2025-03-13T12:54:20","date_gmt":"2025-03-13T12:54:20","guid":{"rendered":"https:\/\/abuchecker.ch\/abufri\/?p=2407"},"modified":"2025-03-13T12:54:20","modified_gmt":"2025-03-13T12:54:20","slug":"podcast-zum-thema-steuern","status":"publish","type":"post","link":"https:\/\/abuchecker.ch\/abufri\/?p=2407","title":{"rendered":"Podcast zum Thema Steuern"},"content":{"rendered":"<p>Es ist wieder aller h\u00f6chste Zeit! Die Steuererkl\u00e4rung muss bis Ende Monat eingereicht werden. Mit diesem Podcast kannst du dich \u00fcber das Thema informieren!<\/p>\n<p>Folgende Themen werden angesprochen:<\/p>\n<ul>\n<li>Steueramt<\/li>\n<li>Wie funktionieren Steuern<\/li>\n<li>Provisorische und definitive Steuern<\/li>\n<li>Werterhaltend und Wertvermehrende Renovationen<\/li>\n<li>Weiterbildungsabz\u00fcge<\/li>\n<li>Hochzeitstrafe<\/li>\n<li>Individualbesteuerung<\/li>\n<li>vieles mehr<\/li>\n<\/ul>\n<p>&nbsp;<\/p>\n<p><span style=\"color: #008000;\"><a style=\"color: #008000;\" href=\"https:\/\/www.finanzfabio.ch\/163-individualbesteuerung-und-mehr-pius-husmann-finanzfabio-podcast\/\" target=\"_blank\" rel=\"noopener\">Link: https:\/\/www.finanzfabio.ch\/163-individualbesteuerung-und-mehr-pius-husmann-finanzfabio-podcast\/<\/a><\/span><\/p>\n","protected":false},"excerpt":{"rendered":"<p>Es ist wieder aller h\u00f6chste Zeit! Die Steuererkl\u00e4rung muss bis Ende Monat eingereicht werden. Mit diesem Podcast kannst du dich&hellip;<\/p>\n","protected":false},"author":1,"featured_media":2413,"comment_status":"open","ping_status":"open","sticky":false,"template":"","format":"standard","meta":{"footnotes":""},"categories":[3,4,5,216,1],"tags":[],"class_list":["post-2407","post","type-post","status-publish","format-standard","has-post-thumbnail","hentry","category-2-lehrjahr","category-3-lehrjahr","category-4-lehrjahr","category-steuer","category-uncategorized"],"_links":{"self":[{"href":"https:\/\/abuchecker.ch\/abufri\/index.php?rest_route=\/wp\/v2\/posts\/2407","targetHints":{"allow":["GET"]}}],"collection":[{"href":"https:\/\/abuchecker.ch\/abufri\/index.php?rest_route=\/wp\/v2\/posts"}],"about":[{"href":"https:\/\/abuchecker.ch\/abufri\/index.php?rest_route=\/wp\/v2\/types\/post"}],"author":[{"embeddable":true,"href":"https:\/\/abuchecker.ch\/abufri\/index.php?rest_route=\/wp\/v2\/users\/1"}],"replies":[{"embeddable":true,"href":"https:\/\/abuchecker.ch\/abufri\/index.php?rest_route=%2Fwp%2Fv2%2Fcomments&post=2407"}],"version-history":[{"count":2,"href":"https:\/\/abuchecker.ch\/abufri\/index.php?rest_route=\/wp\/v2\/posts\/2407\/revisions"}],"predecessor-version":[{"id":2414,"href":"https:\/\/abuchecker.ch\/abufri\/index.php?rest_route=\/wp\/v2\/posts\/2407\/revisions\/2414"}],"wp:featuredmedia":[{"embeddable":true,"href":"https:\/\/abuchecker.ch\/abufri\/index.php?rest_route=\/wp\/v2\/media\/2413"}],"wp:attachment":[{"href":"https:\/\/abuchecker.ch\/abufri\/index.php?rest_route=%2Fwp%2Fv2%2Fmedia&parent=2407"}],"wp:term":[{"taxonomy":"category","embeddable":true,"href":"https:\/\/abuchecker.ch\/abufri\/index.php?rest_route=%2Fwp%2Fv2%2Fcategories&post=2407"},{"taxonomy":"post_tag","embeddable":true,"href":"https:\/\/abuchecker.ch\/abufri\/index.php?rest_route=%2Fwp%2Fv2%2Ftags&post=2407"}],"curies":[{"name":"wp","href":"https:\/\/api.w.org\/{rel}","templated":true}]}}