{"id":2381,"date":"2025-01-14T09:12:05","date_gmt":"2025-01-14T09:12:05","guid":{"rendered":"https:\/\/abuchecker.ch\/abufri\/?p=2381"},"modified":"2025-02-13T11:30:13","modified_gmt":"2025-02-13T11:30:13","slug":"food-waste","status":"publish","type":"post","link":"https:\/\/abuchecker.ch\/abufri\/?p=2381","title":{"rendered":"Food Waste"},"content":{"rendered":"<h2><a href=\"https:\/\/foodwaste.ch\/\" target=\"_blank\" rel=\"noopener\">Food Waste<\/a><\/h2>\n<p>Hier findest du alles zum Thema Food Waste &#8211; \u00fcber spannende Links zu\u00a0 Initiativen und Projekten im In- und Ausland sowie Artikel, Buch- und Filmtipps.\u00a0Viele spannende Filme zum Thema Ern\u00e4hrung findest du auch auf der Website\u00a0<a href=\"https:\/\/filmsfortheearth.org\/en\" target=\"_blank\" rel=\"noopener noreferrer\">Filme f\u00fcr die Erde.\u00a0<\/a><\/p>\n<hr \/>\n<h2>\u00dcber Food Waste<\/h2>\n<p>Wer weiss, woher sein Essen kommt und wie viel Einsatz und Liebe mit dessen Herstellung verbunden ist, tr\u00e4gt auch Sorge dazu. Deshalb haben wir 2012 nach der Publikation der ersten Food-Waste-Zahlen in der Schweiz einen unabh\u00e4ngigen Verein gegr\u00fcndet und uns der Information und Aufkl\u00e4rung zum Thema verschrieben. Wir f\u00f6rdern und unterst\u00fctzen den gesellschaftlichen Dialog und liefern Anst\u00f6sse zu innovativen L\u00f6sungsans\u00e4tzen. Weil fast drei Millionen Tonnen verschwendete Lebensmittel zu viel sind. Und weil Food Waste uns alle angeht.<\/p>\n<div class=\"cmsms_text\">\n<p>&nbsp;<\/p>\n<p>&nbsp;<\/p>\n<p>&nbsp;<\/p>\n<\/div>\n","protected":false},"excerpt":{"rendered":"<p>Food Waste Hier findest du alles zum Thema Food Waste &#8211; \u00fcber spannende Links zu\u00a0 Initiativen und Projekten im In-&hellip;<\/p>\n","protected":false},"author":1,"featured_media":2383,"comment_status":"open","ping_status":"open","sticky":false,"template":"","format":"standard","meta":{"footnotes":""},"categories":[237,43],"tags":[94],"class_list":["post-2381","post","type-post","status-publish","format-standard","has-post-thumbnail","hentry","category-wirtschaft-und-nachhaltigkeit-i","category-wirtschaft_konsum","tag-food-waste"],"_links":{"self":[{"href":"https:\/\/abuchecker.ch\/abufri\/index.php?rest_route=\/wp\/v2\/posts\/2381","targetHints":{"allow":["GET"]}}],"collection":[{"href":"https:\/\/abuchecker.ch\/abufri\/index.php?rest_route=\/wp\/v2\/posts"}],"about":[{"href":"https:\/\/abuchecker.ch\/abufri\/index.php?rest_route=\/wp\/v2\/types\/post"}],"author":[{"embeddable":true,"href":"https:\/\/abuchecker.ch\/abufri\/index.php?rest_route=\/wp\/v2\/users\/1"}],"replies":[{"embeddable":true,"href":"https:\/\/abuchecker.ch\/abufri\/index.php?rest_route=%2Fwp%2Fv2%2Fcomments&post=2381"}],"version-history":[{"count":6,"href":"https:\/\/abuchecker.ch\/abufri\/index.php?rest_route=\/wp\/v2\/posts\/2381\/revisions"}],"predecessor-version":[{"id":2404,"href":"https:\/\/abuchecker.ch\/abufri\/index.php?rest_route=\/wp\/v2\/posts\/2381\/revisions\/2404"}],"wp:featuredmedia":[{"embeddable":true,"href":"https:\/\/abuchecker.ch\/abufri\/index.php?rest_route=\/wp\/v2\/media\/2383"}],"wp:attachment":[{"href":"https:\/\/abuchecker.ch\/abufri\/index.php?rest_route=%2Fwp%2Fv2%2Fmedia&parent=2381"}],"wp:term":[{"taxonomy":"category","embeddable":true,"href":"https:\/\/abuchecker.ch\/abufri\/index.php?rest_route=%2Fwp%2Fv2%2Fcategories&post=2381"},{"taxonomy":"post_tag","embeddable":true,"href":"https:\/\/abuchecker.ch\/abufri\/index.php?rest_route=%2Fwp%2Fv2%2Ftags&post=2381"}],"curies":[{"name":"wp","href":"https:\/\/api.w.org\/{rel}","templated":true}]}}