{"id":233,"date":"2017-09-13T11:57:09","date_gmt":"2017-09-13T09:57:09","guid":{"rendered":"https:\/\/abufri.wordpress.com\/?p=233"},"modified":"2017-09-13T11:57:09","modified_gmt":"2017-09-13T09:57:09","slug":"sind-hilfsorganisationen-mitverantwortlich-fuer-das-schleppergeschaeft-roger-schawinski-im-gespraech-mit-kurt-pelda","status":"publish","type":"post","link":"https:\/\/abuchecker.ch\/abufri\/?p=233","title":{"rendered":"Sind Hilfsorganisationen mitverantwortlich f\u00fcr das Schleppergesch\u00e4ft? Roger Schawinski im Gespr\u00e4ch mit Kurt Pelda"},"content":{"rendered":"<p>Laut der Europ\u00e4ischen Agentur f\u00fcr Grenz- und K\u00fcstenwache (Frontex) kooperierten NGOs mit Schleppern, um Fl\u00fcchtlinge nach Europa zu schaffen. Beweise gibt es f\u00fcr die Vorw\u00fcrfe bis dato zwar keine, dennoch haben die meisten Hilfsorganisationen ihre Boote aus dem Meer gezogen. Grund daf\u00fcr waren die Drohungen der libyschen K\u00fcstenwache, die Helfenden notfalls mit Gewalt an Aktionen vor der libyschen K\u00fcste zu hindern. Statt nach Italien werden die Menschen nun in libysche Lager zur\u00fcckgeschifft, was einen starken R\u00fcckgang der Migrantenstr\u00f6me zur Folge hat.<\/p>\n<p><a href=\"http:\/\/www.srf.ch\/sendungen\/schawinski\/roger-schawinski-im-gespraech-mit-kurt-pelda-3\">Schleppergesch\u00e4ft mit Hilfe von NGO&#8217;s?<\/a><\/p>\n","protected":false},"excerpt":{"rendered":"<p>Laut der Europ\u00e4ischen Agentur f\u00fcr Grenz- und K\u00fcstenwache (Frontex) kooperierten NGOs mit Schleppern, um Fl\u00fcchtlinge nach Europa zu schaffen. Beweise&hellip;<\/p>\n","protected":false},"author":1,"featured_media":0,"comment_status":"open","ping_status":"open","sticky":false,"template":"","format":"standard","meta":{"footnotes":""},"categories":[9,28],"tags":[93,110,138],"class_list":["post-233","post","type-post","status-publish","format-standard","hentry","category-asylpolitik","category-migration","tag-fluechtlinge","tag-kuestenwache","tag-schlepper"],"_links":{"self":[{"href":"https:\/\/abuchecker.ch\/abufri\/index.php?rest_route=\/wp\/v2\/posts\/233","targetHints":{"allow":["GET"]}}],"collection":[{"href":"https:\/\/abuchecker.ch\/abufri\/index.php?rest_route=\/wp\/v2\/posts"}],"about":[{"href":"https:\/\/abuchecker.ch\/abufri\/index.php?rest_route=\/wp\/v2\/types\/post"}],"author":[{"embeddable":true,"href":"https:\/\/abuchecker.ch\/abufri\/index.php?rest_route=\/wp\/v2\/users\/1"}],"replies":[{"embeddable":true,"href":"https:\/\/abuchecker.ch\/abufri\/index.php?rest_route=%2Fwp%2Fv2%2Fcomments&post=233"}],"version-history":[{"count":0,"href":"https:\/\/abuchecker.ch\/abufri\/index.php?rest_route=\/wp\/v2\/posts\/233\/revisions"}],"wp:attachment":[{"href":"https:\/\/abuchecker.ch\/abufri\/index.php?rest_route=%2Fwp%2Fv2%2Fmedia&parent=233"}],"wp:term":[{"taxonomy":"category","embeddable":true,"href":"https:\/\/abuchecker.ch\/abufri\/index.php?rest_route=%2Fwp%2Fv2%2Fcategories&post=233"},{"taxonomy":"post_tag","embeddable":true,"href":"https:\/\/abuchecker.ch\/abufri\/index.php?rest_route=%2Fwp%2Fv2%2Ftags&post=233"}],"curies":[{"name":"wp","href":"https:\/\/api.w.org\/{rel}","templated":true}]}}