{"id":2320,"date":"2023-06-12T12:25:30","date_gmt":"2023-06-12T12:25:30","guid":{"rendered":"https:\/\/abuchecker.ch\/abufri\/?p=2320"},"modified":"2023-06-12T12:35:09","modified_gmt":"2023-06-12T12:35:09","slug":"brennpunkt-migration-wer-soll-in-europa-wie-viele-fluechtlinge-aufnehmen","status":"publish","type":"post","link":"https:\/\/abuchecker.ch\/abufri\/?p=2320","title":{"rendered":"Brennpunkt Migration &#8211; wer soll in Europa wie viele Fl\u00fcchtlinge aufnehmen?"},"content":{"rendered":"<header class=\"article-header\">\n<p class=\"article-lead\">Die Nachrichtensendung \u00ab10 vor 10\u00bb berichtete im Mai 2023 eine ganze Woche \u00fcber die Hintergr\u00fcnde der Migration in der Schweiz und im Ausland.<\/p>\n<p class=\"article-lead\"><span style=\"color: var(--t-sharing-bar-summary); letter-spacing: 0.4px; text-align: center;\"><strong>Ausgangslage:<\/strong> Die Zahl der Migrantinnen und Migranten, die nach Europa gelangen, nimmt derzeit stark zu. Eine Herausforderung f\u00fcr viele L\u00e4nder. Doch eine einheitliche Fl\u00fcchtlings- und Asylpolitik ist in Europa nicht in Sicht, die EU ist zerstritten. \u00ab10 vor 10\u00bb bereist Regionen, die von der Migration betroffen sind, zeigt Schwierigkeiten auf, die die aktuelle Lage f\u00fcr Beh\u00f6rden, Helfer und Migrantinnen mit sich bringt.\u00a0<\/span><\/p>\n<p class=\"top-media-header__text-title\">Wie verteilt Europa Fl\u00fcchtlinge fair? Entscheiden Sie! Mit dem folgenden Link <span style=\"color: #008000;\"><a style=\"color: #008000;\" href=\"https:\/\/www.srf.ch\/news\/international\/eu-migration-wie-verteilt-europa-fluechtlinge-fair-entscheiden-sie\">Wie verteilt Europa Fl\u00fcchtlinge fair? Entscheiden Sie!<\/a>F <\/span>setzt ihr euch mit dieser Frage auseinander und diskutiert was die Grundlagen f\u00fcr eine solche Entscheidung sein k\u00f6nnen.<\/p>\n<p>Zus\u00e4tzlich berichten 5 Kurzfilme (Filme sind auch im Stream hochgeladen) \u00fcber die Herausforderung der Migration und Integration v. Fl\u00fcchtenden.<\/p>\n<\/header>\n<table style=\"border-collapse: collapse; width: 728px; height: 208px;\" width=\"496\">\n<tbody>\n<tr style=\"height: 15.0pt;\">\n<td class=\"xl33\" style=\"width: 372pt; height: 15.0pt;\" width=\"496\" height=\"20\"><span style=\"color: #008000;\"><a style=\"color: #008000;\" href=\"https:\/\/eduetatfr-my.sharepoint.com\/:v:\/g\/personal\/marc_philipona_edufr_ch\/EWDGCY3ri_9GnRHzLu3YRkUBU6htpAPVqsH8WPxQP4S2Bg?e=hIbUBT\">Brennpunkte Migration_Junge Asylsuchende in der Schweiz.mp4<\/a><\/span><\/td>\n<\/tr>\n<tr style=\"height: 15.0pt;\">\n<td class=\"xl33\" style=\"height: 15.0pt;\" height=\"20\"><span style=\"color: #008000;\"><a style=\"color: #008000;\" href=\"https:\/\/eduetatfr-my.sharepoint.com\/:v:\/g\/personal\/marc_philipona_edufr_ch\/ES4W6IkgExZEuiQh5rOtD4MBTLkf4g9_nVyB8B_b0IZtTA?e=Pw5tk1\">Brennpunkt Migration-Bandenkriminalit\u00e4t in Stockholm.mp4<\/a><\/span><\/td>\n<\/tr>\n<tr style=\"height: 15.0pt;\">\n<td class=\"xl41\" style=\"height: 15.0pt;\" height=\"20\"><span style=\"color: #008000;\"><a style=\"color: #008000;\" href=\"https:\/\/eduetatfr-my.sharepoint.com\/:v:\/g\/personal\/marc_philipona_edufr_ch\/Ea6qku0GbLFDtqEPNwaoLdcBzYU3ZFKxYew8nTSU3NBN4g?e=oRFeuY\">Brennpunkt Migration-Italien und seine Fl\u00fcchtlinge<\/a><\/span><\/td>\n<\/tr>\n<tr style=\"height: 15.0pt;\">\n<td class=\"xl41\" style=\"height: 15.0pt;\" height=\"20\"><span style=\"color: #008000;\"><a style=\"color: #008000;\" href=\"https:\/\/eduetatfr-my.sharepoint.com\/:v:\/g\/personal\/marc_philipona_edufr_ch\/Edte6QKgh99JtBdPsdSF_7QBFwnI0kfJasdVHNnDwmGC4g?e=A30ymQ\">Brennpunkt Migration_Die T\u00fckei und ihr Abkommen mit der EU<\/a><\/span><\/td>\n<\/tr>\n<tr style=\"height: 15.0pt;\">\n<td class=\"xl33\" style=\"height: 15.0pt;\" height=\"20\"><span style=\"color: #008000;\"><a style=\"color: #008000;\" href=\"https:\/\/eduetatfr-my.sharepoint.com\/:v:\/g\/personal\/marc_philipona_edufr_ch\/ESvk3K3fNVJMu9GGdDVQLu8BF5wqaaA7OtkEbTHsgpdWVQ?e=wV0H3v\">Brennpunkt Migration &#8211; Wie Br\u00fcssel das Problem l\u00f6sen will.mp4<\/a><\/span><\/td>\n<\/tr>\n<\/tbody>\n<\/table>\n<p>&nbsp;<\/p>\n<p>&nbsp;<\/p>\n<p>&nbsp;<\/p>\n<p>&nbsp;<\/p>\n<p>&nbsp;<\/p>\n<p>&nbsp;<\/p>\n<p>&nbsp;<\/p>\n<p>&nbsp;<\/p>\n<p>&nbsp;<\/p>\n<p>&nbsp;<\/p>\n<p>&nbsp;<\/p>\n<p>&nbsp;<\/p>\n<p>&nbsp;<\/p>\n<p>&nbsp;<\/p>\n<p>&nbsp;<\/p>\n<p>&nbsp;<\/p>\n<p>&nbsp;<\/p>\n<p>&nbsp;<\/p>\n<p>&nbsp;<\/p>\n<p>&nbsp;<\/p>\n<p>&nbsp;<\/p>\n<p>&nbsp;<\/p>\n<p>&nbsp;<\/p>\n<p>&nbsp;<\/p>\n<p>&nbsp;<\/p>\n","protected":false},"excerpt":{"rendered":"<p>Die Nachrichtensendung \u00ab10 vor 10\u00bb berichtete im Mai 2023 eine ganze Woche \u00fcber die Hintergr\u00fcnde der Migration in der Schweiz&hellip;<\/p>\n","protected":false},"author":1,"featured_media":2323,"comment_status":"open","ping_status":"open","sticky":false,"template":"","format":"standard","meta":{"footnotes":""},"categories":[28,1],"tags":[],"class_list":["post-2320","post","type-post","status-publish","format-standard","has-post-thumbnail","hentry","category-migration","category-uncategorized"],"_links":{"self":[{"href":"https:\/\/abuchecker.ch\/abufri\/index.php?rest_route=\/wp\/v2\/posts\/2320","targetHints":{"allow":["GET"]}}],"collection":[{"href":"https:\/\/abuchecker.ch\/abufri\/index.php?rest_route=\/wp\/v2\/posts"}],"about":[{"href":"https:\/\/abuchecker.ch\/abufri\/index.php?rest_route=\/wp\/v2\/types\/post"}],"author":[{"embeddable":true,"href":"https:\/\/abuchecker.ch\/abufri\/index.php?rest_route=\/wp\/v2\/users\/1"}],"replies":[{"embeddable":true,"href":"https:\/\/abuchecker.ch\/abufri\/index.php?rest_route=%2Fwp%2Fv2%2Fcomments&post=2320"}],"version-history":[{"count":2,"href":"https:\/\/abuchecker.ch\/abufri\/index.php?rest_route=\/wp\/v2\/posts\/2320\/revisions"}],"predecessor-version":[{"id":2324,"href":"https:\/\/abuchecker.ch\/abufri\/index.php?rest_route=\/wp\/v2\/posts\/2320\/revisions\/2324"}],"wp:featuredmedia":[{"embeddable":true,"href":"https:\/\/abuchecker.ch\/abufri\/index.php?rest_route=\/wp\/v2\/media\/2323"}],"wp:attachment":[{"href":"https:\/\/abuchecker.ch\/abufri\/index.php?rest_route=%2Fwp%2Fv2%2Fmedia&parent=2320"}],"wp:term":[{"taxonomy":"category","embeddable":true,"href":"https:\/\/abuchecker.ch\/abufri\/index.php?rest_route=%2Fwp%2Fv2%2Fcategories&post=2320"},{"taxonomy":"post_tag","embeddable":true,"href":"https:\/\/abuchecker.ch\/abufri\/index.php?rest_route=%2Fwp%2Fv2%2Ftags&post=2320"}],"curies":[{"name":"wp","href":"https:\/\/api.w.org\/{rel}","templated":true}]}}