{"id":2288,"date":"2022-12-01T11:22:06","date_gmt":"2022-12-01T11:22:06","guid":{"rendered":"https:\/\/abuchecker.ch\/abufri\/?p=2288"},"modified":"2022-12-01T11:22:06","modified_gmt":"2022-12-01T11:22:06","slug":"energie-spezialsendung-srf","status":"publish","type":"post","link":"https:\/\/abuchecker.ch\/abufri\/?p=2288","title":{"rendered":"Energie Spezialsendung SRF"},"content":{"rendered":"<p>Die Themen \u00abStrom\u00bb und \u00abEnergie\u00bb ganz allgemein pr\u00e4gen aktuell die Diskussionen in Europa und der Schweiz. Seit Monaten spricht die Schweiz \u00fcber eine drohende Strommangellage. Mit der Ukraine-Krise hat das Thema eine neue, unerwartete Dimension erhalten. Gem\u00e4ss dem letzten SRF-\u00abWahlbarometer\u00bb sch\u00e4tzt die Schweizer Bev\u00f6lkerung die \u00abEnergiewende\u00bb und die \u00abVersorgungs- und Energiesicherheit\u00bb als die wichtigsten politischen Herausforderungen ein.<\/p>\n<p>Am Mittwoch, 16. November 2022, widmete sich SRF auf allen Kan\u00e4len und in unterschiedlichen Gef\u00e4ssen dem Thema Energie. Im Rahmen von \u00abSRF Thema Energie\u00bb wurden ganztags im Radio, TV und online Beitr\u00e4ge, Reportagen und Sendungen rund um den Themenkomplex publiziert. Dabei sollte es bewusst nicht nur um Strom gehen. Vielmehr beleuchtet SRF das Thema aus unterschiedlichen Perspektiven: von der Krise \u00fcber konkrete Lebensrealit\u00e4ten bis zu innovativen Zukunftsprojekten.<\/p>\n<p>Es\u00a0 k\u00f6nnen 9 versch. Themen behandelt werden. Die genauen Laufzeiten sind angegeben.<\/p>\n<ul>\n<li>Energiesparen<\/li>\n<li>Blackout in der Schweiz?<\/li>\n<li>Atomenergie<\/li>\n<li>Energie aus Abfall<\/li>\n<li>Boom d. Solarkraft<\/li>\n<li>Energiebilanz in H\u00e4usern<\/li>\n<li>Speichern v. elektrischer Energie<\/li>\n<li>Zukunft fossiler Brennstoffe<\/li>\n<li>Produktion v. Wasserstoff in CH.<\/li>\n<\/ul>\n<p>Filmlink: <span style=\"color: #008000;\"><a style=\"color: #008000;\" href=\"https:\/\/eduetatfr-my.sharepoint.com\/:v:\/g\/personal\/marc_philipona_edufr_ch\/EQFVQC3YtDFJrvR3tnjeDAYBgUMwOe_GqUr5mosaGL4YHA?e=RfaEeb\">Energie_Spezialsendung SRF 2022.mp4<\/a><\/span><\/p>\n<hr \/>\n<p>Themen mit Fragen und Zeitangaben:<\/p>\n<p><strong>Teil 1: Energiesparen- Wie erz\u00e4hlen&#8230;\u00a0 (Min. 4.42 &#8211; 9.20)<\/strong><\/p>\n<ul>\n<li>eine Familie<\/li>\n<li>ein Schlossherr<\/li>\n<li>eine Familie mit autarkem Haus<\/li>\n<li>Direktor Schweiz. Elektrizit\u00e4tsunternehmen<\/li>\n<\/ul>\n<p><strong>Teil 2: Die Schweiz ist Teil des europ. Stromnetzes: Wie wahrscheinlich ist ein Blackout? (Min. 9.20 &#8211; 15.55)<\/strong><\/p>\n<ul>\n<li>Welche Aufgabe hat Swissgrid?<\/li>\n<li>Wie abh\u00e4ngig ist die Schweiz vom Ausland? Erkl\u00e4ren Sie.<\/li>\n<li>Wie sieht die gesamte Energielage in der Schweiz aus?<\/li>\n<li><strong>Was passiert wenn der Strom knapp wird?<\/strong> (16.00 \u2013 21.20)<\/li>\n<li>Beschreiben Sie m\u00f6gliche Auswirkungen am Beispiel Sammlungszentrum.<\/li>\n<li>Wieviel und welche Energie verbraucht die Schweiz und ihr Einwohner? (Min. 21.40 \u2013 27.15)<\/li>\n<li>Erstelle eine Skizze mit den entsprechenden Anteilen.<\/li>\n<li>Warum geht der Gesamtenergieverbrauch zur\u00fcck?<\/li>\n<li>Wieviel Energie geht pro Kopf\/Jahr drauf?<\/li>\n<li>Wie abh\u00e4ngig ist die Schweiz v. Ausland? (Import\/Export)<\/li>\n<li>Welche Vor- und Nachteile ergeben sich aus dieser Abh\u00e4ngigkeit od. angestrebten Unabh\u00e4ngigkeit?<\/li>\n<\/ul>\n<p><strong>Teil 3: R\u00fcckblick auf d. Atomenergie \u2013 eine Situationsanalyse. (Min. 27.20 \u2013 32.45)<\/strong><\/p>\n<ul>\n<li>War der Ausstieg 2017 die richtige L\u00f6sung?<\/li>\n<li>Welche R\u00fcckschl\u00e4ge gab es bei der Solarenergie \/ Windkraft?<\/li>\n<li>Gab es verpasste Chancen bei der Umsetzung?<\/li>\n<\/ul>\n<p><strong>Teil 4: Energie aus Abfall (Min. 37.52 \u2013 43.28)<\/strong><\/p>\n<ul>\n<li>Kehrrichtverwertungsanlage Zuchwil \u2013 welche Aufgabe \u00fcbernimmt diese?<\/li>\n<\/ul>\n<p><strong>Teil 5: Boom der Solarkraft (Min. 43.30 \u2013 52.23)<\/strong><\/p>\n<ul>\n<li>Selber eine Solaranlage erstellen \u2013 wie geht das?<\/li>\n<li>Wieviel Geld spart der Unternehmer?<\/li>\n<li>Wie funktioniert eine Selbstbaugenossenschaft?<\/li>\n<li><strong>Solaranlagen in den Alpen:<\/strong> Recherchieren Sie das Solarprojekt Grengiols &amp; Vispertal.<\/li>\n<li>Experte Nordmann: Warum lohnt sich seiner Meinung nach der Ausbau alternativer Energien?<\/li>\n<li>Windkraft: Wie gross ist laut Frau Marchon das Potential in der Schweiz?<\/li>\n<\/ul>\n<p><strong>Teil 6: \u00a0Wie kann man die Energiebilanz in den eigenen H\u00e4user verbessern? (Min. 52.30 \u2013 58.40)<\/strong><\/p>\n<ul>\n<li>Welche M\u00f6glichkeiten sind bei einer energetischen Sanierung bei Altwohnungen lohnend?<\/li>\n<li>Welche M\u00f6glichkeiten bieten sich bei Neubauten?<\/li>\n<\/ul>\n<p><strong>Teil 7: Wie kann man elektrische Energie speichern? (Min. 58.45 \u2013 1.05.50)<\/strong><\/p>\n<ul>\n<li>Saisonale W\u00e4rmespeicher \u2013 skizzieren Sie die Funktionsweise?<\/li>\n<li>Power to Gas \u2013 Anlagen. Wie funktioniert diese?<\/li>\n<li>Betonkl\u00f6tze \u2013 Beschreiben Sie diese Technologie.<\/li>\n<li>Salzbatterien \u2013 Was ist ihre Eigenheit \/ Speicherkapazit\u00e4t? Wie funktioniert diese?<\/li>\n<li>Was meint der Experte Michael Frank zu diesen Technologien?<\/li>\n<li>Warum ist es schwierig Strom zu speichern? Erkl\u00e4ren Sie diese Problematik?<\/li>\n<\/ul>\n<p><strong>Teil 8: Fossile Brennstoffe<\/strong> (<strong>1.05.50 \u2013 1.10.15)<\/strong><\/p>\n<ul>\n<li>Ist Gasf\u00f6rderung in der Schweiz realistisch \u2013 was sagt die Rohstoffexpertin dazu?<\/li>\n<li>Wie sieht die Expertin die Zukunft der Schweiz bzgl. Abh\u00e4ngigkeit v. Rohstoffen? (1.09.40)<\/li>\n<\/ul>\n<p><strong>Teil 9: Wasserkraftwerk St. Gallen (SAK) \u2013 Produktion Wasserstoff (1.10.15 \u2013 1.20.05)<\/strong><\/p>\n<ul>\n<li>Beschreiben Sie, wie Wasserstoff in diesem Werk hergestellt wird.<\/li>\n<li>Welche Vorteile bietet Wasserstoff?<\/li>\n<li>Warum eignet sich Wasserstoff als Energietr\u00e4ger f\u00fcr Lastwagen \u2013 W. ist ja teurer als Strom in der Herstellung?<\/li>\n<li>Was versteht die Expertin C. Meyer unter \u00abGr\u00fcner Wasserstoff\u00bb?<\/li>\n<li>Wie sieht der Wissenschaftsexperte das Energieland Schweiz in der Zukunft? (1.19.00)<\/li>\n<\/ul>\n<p>&nbsp;<\/p>\n<p>&nbsp;<\/p>\n<p>&nbsp;<\/p>\n<p>&nbsp;<\/p>\n","protected":false},"excerpt":{"rendered":"<p>Die Themen \u00abStrom\u00bb und \u00abEnergie\u00bb ganz allgemein pr\u00e4gen aktuell die Diskussionen in Europa und der Schweiz. Seit Monaten spricht die&hellip;<\/p>\n","protected":false},"author":1,"featured_media":2289,"comment_status":"open","ping_status":"open","sticky":false,"template":"","format":"standard","meta":{"footnotes":""},"categories":[3,4,5,253,237],"tags":[],"class_list":["post-2288","post","type-post","status-publish","format-standard","has-post-thumbnail","hentry","category-2-lehrjahr","category-3-lehrjahr","category-4-lehrjahr","category-energie","category-wirtschaft-und-nachhaltigkeit-i"],"_links":{"self":[{"href":"https:\/\/abuchecker.ch\/abufri\/index.php?rest_route=\/wp\/v2\/posts\/2288","targetHints":{"allow":["GET"]}}],"collection":[{"href":"https:\/\/abuchecker.ch\/abufri\/index.php?rest_route=\/wp\/v2\/posts"}],"about":[{"href":"https:\/\/abuchecker.ch\/abufri\/index.php?rest_route=\/wp\/v2\/types\/post"}],"author":[{"embeddable":true,"href":"https:\/\/abuchecker.ch\/abufri\/index.php?rest_route=\/wp\/v2\/users\/1"}],"replies":[{"embeddable":true,"href":"https:\/\/abuchecker.ch\/abufri\/index.php?rest_route=%2Fwp%2Fv2%2Fcomments&post=2288"}],"version-history":[{"count":4,"href":"https:\/\/abuchecker.ch\/abufri\/index.php?rest_route=\/wp\/v2\/posts\/2288\/revisions"}],"predecessor-version":[{"id":2293,"href":"https:\/\/abuchecker.ch\/abufri\/index.php?rest_route=\/wp\/v2\/posts\/2288\/revisions\/2293"}],"wp:featuredmedia":[{"embeddable":true,"href":"https:\/\/abuchecker.ch\/abufri\/index.php?rest_route=\/wp\/v2\/media\/2289"}],"wp:attachment":[{"href":"https:\/\/abuchecker.ch\/abufri\/index.php?rest_route=%2Fwp%2Fv2%2Fmedia&parent=2288"}],"wp:term":[{"taxonomy":"category","embeddable":true,"href":"https:\/\/abuchecker.ch\/abufri\/index.php?rest_route=%2Fwp%2Fv2%2Fcategories&post=2288"},{"taxonomy":"post_tag","embeddable":true,"href":"https:\/\/abuchecker.ch\/abufri\/index.php?rest_route=%2Fwp%2Fv2%2Ftags&post=2288"}],"curies":[{"name":"wp","href":"https:\/\/api.w.org\/{rel}","templated":true}]}}