{"id":2281,"date":"2022-11-16T07:30:42","date_gmt":"2022-11-16T07:30:42","guid":{"rendered":"https:\/\/abuchecker.ch\/abufri\/?p=2281"},"modified":"2022-12-16T10:03:43","modified_gmt":"2022-12-16T10:03:43","slug":"wenn-du-keine-5-5-hast-schlage-ich-dich","status":"publish","type":"post","link":"https:\/\/abuchecker.ch\/abufri\/?p=2281","title":{"rendered":"&#8222;Wenn du keine 5.5 hast, schlage ich dich!&#8220;"},"content":{"rendered":"<h2>Gewalt gegen Kinder wird im Gesetz (ZGB) festgelegt &#8211; ist dies n\u00f6tig?<\/h2>\n<hr \/>\n<h4>jedes 2 .kind in einer schulklasse muss gewalt erleiden. Die sendung 10vor10 geht auf das thema gewalt an kinder ein &#8211; nachdem das parlament beschlossen hat, den gesetzesartikel ins zgb zu schreiben und zu verbieten.<\/h4>\n<p>Filmausschnitt: <a href=\"https:\/\/eduetatfr-my.sharepoint.com\/:v:\/g\/personal\/marc_philipona_edufr_ch\/Eau-9eytagFHpCh9rHPMjKYBoIg0wKv3J1Lgy1TLW-pJmQ?e=K4bjz1\" target=\"_blank\" rel=\"noopener\">Gewalt an Kindern_ZGB_2022-12-16<\/a><\/p>\n<p>Offen Fragen:<\/p>\n<ul>\n<li>Welche Vorteile bringt der Eintrag ins ZGB?<\/li>\n<li>Warum bringt dieses Gesetz keine Verbesserung im Umgang mit Gewalt an Kindern?<\/li>\n<li>Gibt es im Strafgesetzbuch schon Artikel, welche die Gewalt an Kindern verbieten?<\/li>\n<\/ul>\n<hr \/>\n<hr \/>\n<h4><strong>Der folgende Text schreibt \u00fcber Gewalt, h\u00e4usliche Gewalt. Dabei wird auch die Rolle der KESB hinterfragt. (Thema 4_Vollj\u00e4hrigkeit)<\/strong><\/h4>\n<hr \/>\n<h4>Wer an h\u00e4usliche Gewalt denkt, denkt an Gewalt gegen Frauen. Doch auch Kinder werden in Schweizer Stuben verpr\u00fcgelt und vergewaltigt. Das ist doppelt schlimm. Und geschlagene Kinder werden sp\u00e4ter oft selber zu Schl\u00e4gern. Zwei Betroffene erz\u00e4hlen.<\/h4>\n<hr \/>\n<h3><em><span style=\"color: #ff6600;\">&#8222;Lilly ist heute 18 fahre alt und lebt seit sechs Jahren mit ihrer Pflegefamilie. Ihr Whatsapp-Profilbild zeigt zwei junge Frauen mit langem dunklem Haar, Lilly und ihre beste Freundin. Es ist ein heisser Julitag, Lilly ist gerade in den Ferien. Trotzdem erz\u00e4hlt sie am Telefon ihre Geschichte&#8220;<\/span><\/em><\/h3>\n<h3>Die kESB will helfen, aber&#8230;<\/h3>\n<h3><em><span style=\"color: #ff6600;\">&#8222;Trotzdem bekommen betroffene Kinder nicht immer Hilfe: H\u00e4ufig funktioniert die Kommunikation zwischen Justiz und Kindesschutz nicht, wie mehrere Fachleute aus unterschiedlichen Kantonen w\u00e4hrend der Recherche kritisieren&#8220;<\/span><\/em><\/h3>\n<p>&nbsp;<\/p>\n<p><span style=\"color: #008000;\"><a style=\"color: #008000;\" href=\"https:\/\/abuchecker.ch\/abufri\/?attachment_id=2282\" target=\"_blank\" rel=\"attachment noopener wp-att-2282\">&#8222;Wenn du keine 5.5 hast, schlage ich dich!&#8220;<\/a><\/span><\/p>\n<p><img decoding=\"async\" src=\"https:\/\/abuchecker.ch\/abufri\/wp-content\/uploads\/2022\/11\/SPSTUPRINRPS01_PRTEPCE-108-00_1460_001-1-pdf-300x212.jpg\" \/>\u00a0 \u00a0 Text von Andrea Fopp aus NZZ am Sonntag\/Magazin (10\/2022)<\/p>\n<hr \/>\n<hr \/>\n<p><span style=\"color: #008000;\"><a style=\"color: #008000;\" href=\"https:\/\/www.srf.ch\/kultur\/dok-zu-gewalt-in-der-erziehung-was-elterliche-gewalt-mit-kindern-macht\" target=\"_blank\" rel=\"noopener\">DOK &#8211; Zu Gewalt in der Erziehung<\/a><\/span><\/p>\n<h1 class=\"article-title\"><span class=\"article-title__overline\">DOK zu Gewalt in der Erziehung<\/span><span class=\"h-offscreen\" role=\"presentation\" aria-hidden=\"true\">&#8211;<\/span><span class=\"article-title__text\">Was elterliche Gewalt mit Kindern macht<\/span><\/h1>\n<p class=\"article-lead\">Geschlagen, eingesperrt, tagelang ignoriert: Vier Menschen erz\u00e4hlen im Dokumentarfilm, wie gewaltt\u00e4tige Eltern ihre Kindheit gepr\u00e4gt haben. Fachleute fordern ein explizites gesetzliches Verbot von Gewalt in der Erziehung. Wieso klappt das in der Schweiz nicht?<\/p>\n<p><img loading=\"lazy\" decoding=\"async\" class=\"aligncenter\" src=\"https:\/\/ws.srf.ch\/asset\/image\/audio\/c55518f5-cb97-4801-ba5f-bf6382833e16\/EPISODE_IMAGE\/1634125156.jpg\/scale\/width\/960\" alt=\"Gewalt in der Erziehung\" width=\"565\" height=\"318\" \/><\/p>\n<hr \/>\n<p class=\"article-lead\">\n","protected":false},"excerpt":{"rendered":"<p>Gewalt gegen Kinder wird im Gesetz (ZGB) festgelegt &#8211; ist dies n\u00f6tig? jedes 2 .kind in einer schulklasse muss gewalt&hellip;<\/p>\n","protected":false},"author":1,"featured_media":2285,"comment_status":"open","ping_status":"open","sticky":false,"template":"","format":"standard","meta":{"footnotes":""},"categories":[3],"tags":[252,251],"class_list":["post-2281","post","type-post","status-publish","format-standard","has-post-thumbnail","hentry","category-2-lehrjahr","tag-gewalt","tag-kesb"],"_links":{"self":[{"href":"https:\/\/abuchecker.ch\/abufri\/index.php?rest_route=\/wp\/v2\/posts\/2281","targetHints":{"allow":["GET"]}}],"collection":[{"href":"https:\/\/abuchecker.ch\/abufri\/index.php?rest_route=\/wp\/v2\/posts"}],"about":[{"href":"https:\/\/abuchecker.ch\/abufri\/index.php?rest_route=\/wp\/v2\/types\/post"}],"author":[{"embeddable":true,"href":"https:\/\/abuchecker.ch\/abufri\/index.php?rest_route=\/wp\/v2\/users\/1"}],"replies":[{"embeddable":true,"href":"https:\/\/abuchecker.ch\/abufri\/index.php?rest_route=%2Fwp%2Fv2%2Fcomments&post=2281"}],"version-history":[{"count":5,"href":"https:\/\/abuchecker.ch\/abufri\/index.php?rest_route=\/wp\/v2\/posts\/2281\/revisions"}],"predecessor-version":[{"id":2294,"href":"https:\/\/abuchecker.ch\/abufri\/index.php?rest_route=\/wp\/v2\/posts\/2281\/revisions\/2294"}],"wp:featuredmedia":[{"embeddable":true,"href":"https:\/\/abuchecker.ch\/abufri\/index.php?rest_route=\/wp\/v2\/media\/2285"}],"wp:attachment":[{"href":"https:\/\/abuchecker.ch\/abufri\/index.php?rest_route=%2Fwp%2Fv2%2Fmedia&parent=2281"}],"wp:term":[{"taxonomy":"category","embeddable":true,"href":"https:\/\/abuchecker.ch\/abufri\/index.php?rest_route=%2Fwp%2Fv2%2Fcategories&post=2281"},{"taxonomy":"post_tag","embeddable":true,"href":"https:\/\/abuchecker.ch\/abufri\/index.php?rest_route=%2Fwp%2Fv2%2Ftags&post=2281"}],"curies":[{"name":"wp","href":"https:\/\/api.w.org\/{rel}","templated":true}]}}