{"id":2274,"date":"2022-10-05T08:46:20","date_gmt":"2022-10-05T08:46:20","guid":{"rendered":"https:\/\/abuchecker.ch\/abufri\/?p=2274"},"modified":"2022-10-05T13:07:50","modified_gmt":"2022-10-05T13:07:50","slug":"wirtschaft-und-gesellschaft-neue-folgen-auf-myschool-fuer-sek-ii","status":"publish","type":"post","link":"https:\/\/abuchecker.ch\/abufri\/?p=2274","title":{"rendered":"Wirtschaft und Gesellschaft &#8211; Neue Folgen auf myschool f\u00fcr Sek. II"},"content":{"rendered":"<header class=\"article-header\">\n<h1 class=\"article-title\"><span style=\"color: #008000;\"><a style=\"color: #008000;\" href=\"https:\/\/www.srf.ch\/sendungen\/school\/wirtschaft-politik\/grundlagen-der-oekonomie-wirtschaft-und-gesellschaft\"><span class=\"article-title__text\">Wirtschaft und Gesellschaft<\/span><\/a><\/span><\/h1>\n<p class=\"article-lead\">Sobald junge Menschen ins Arbeitsleben eintreten, m\u00fcssen sie sich in einer von der Wirtschaft gepr\u00e4gten Lebenswelt zurechtfinden. Neue Fragen tauchen auf, etwa welche Versicherungen sie abschliessen oder wie sie ihr Geld anlegen sollen. Basiswissen hilft dabei, Entscheidungen zu treffen.<\/p>\n<div class=\"article-author\">\n<p class=\"article-author__date js-dateline\" data-publicationdate=\"2013-09-13T15:36:00+02:00\" data-modificationdate=\"2022-10-04T07:51:00+02:00\" data-i18n-text-today=\"Heute\" data-i18n-text-yesterday=\"Gestern\" data-i18n-text-clock=\"Uhr\">Link: <span style=\"color: #008000;\"><a style=\"color: #008000;\" href=\"https:\/\/www.srf.ch\/play\/tv\/wirtschaft-und-gesellschaft\/video\/finanzieren-leasing-kredite--co--folge-1?urn=urn:srf:video:c0b0fb7e-c1e1-4142-984f-ba4f6adc276b\" target=\"_blank\" rel=\"noopener\">https:\/\/www.srf.ch\/sendungen\/school\/wirtschaft-politik\/grundlagen-der-oekonomie-wirtschaft-und-gesellschaf<\/a>t<\/span><\/p>\n<\/div>\n<\/header>\n<div class=\"sharing-bar\" data-social-view-event=\"srf_view\" data-share-urn=\"urn:srf:article:19995218\" data-share-publication-date=\"1379079360\" data-share-modification-date=\"1664862660\" data-share-section=\"1829302\" data-share-portal=\"urn:srf:portal:1712990\" data-share-category=\"Sendungen.SRF school.Themen.Wirtschaft, Politik\">\n<hr class=\"horizontal-separator horizontal-separator--withcontent js-sharing-bar-line\" role=\"presentation\" aria-hidden=\"true\" \/>\n<\/div>\n<section class=\"article-content\">\n<div class=\"related-items-list\">\n<ul class=\"related-items-list__list\">\n<li class=\"related-items-list__item media-window-container js-media-window-container\" data-media-window-breakpoint=\"smartphone\">\n<div class=\"related-items-list__content\">\n<div class=\"medium medium--related-items medium--related-items--video js-medium-hover js-medium-with-availability\" role=\"text\">\n<div class=\"medium__object\">\n<div class=\"media-still js-media-progress-container\">\n<div class=\"media-still__image\"><picture class=\"image image--media-still\" data-app-image-url=\"https:\/\/www.srf.ch\/static\/cms\/images\/1280w\/cb1c37.jpg\"><source srcset=\"https:\/\/www.srf.ch\/static\/cms\/images\/square_160w\/cb1c37.webp 160w, https:\/\/www.srf.ch\/static\/cms\/images\/square_240w\/cb1c37.webp 240w, https:\/\/www.srf.ch\/static\/cms\/images\/320ws\/cb1c37.webp 320w, https:\/\/www.srf.ch\/static\/cms\/images\/480ws\/cb1c37.webp 480w, https:\/\/www.srf.ch\/static\/cms\/images\/640ws\/cb1c37.webp 640w, https:\/\/www.srf.ch\/static\/cms\/images\/960ws\/cb1c37.webp 960w, https:\/\/www.srf.ch\/static\/cms\/images\/1280ws\/cb1c37.webp 1280w\" type=\"image\/webp\" sizes=\"(max-width: 719px) 80px, 33.4vw\" \/><img decoding=\"async\" class=\"image-figure__image\" title=\"Finanzieren: Leasing, Kredite &amp; Co. (Folge 1)\" src=\"https:\/\/www.srf.ch\/static\/cms\/images\/480ws\/cb1c37.jpg\" sizes=\"(max-width: 719px) 80px, 33.4vw\" srcset=\"https:\/\/www.srf.ch\/static\/cms\/images\/square_160w\/cb1c37.jpg 160w, https:\/\/www.srf.ch\/static\/cms\/images\/square_240w\/cb1c37.jpg 240w, https:\/\/www.srf.ch\/static\/cms\/images\/320ws\/cb1c37.jpg 320w, https:\/\/www.srf.ch\/static\/cms\/images\/480ws\/cb1c37.jpg 480w, https:\/\/www.srf.ch\/static\/cms\/images\/640ws\/cb1c37.jpg 640w, https:\/\/www.srf.ch\/static\/cms\/images\/960ws\/cb1c37.jpg 960w, https:\/\/www.srf.ch\/static\/cms\/images\/1280ws\/cb1c37.jpg 1280w\" alt=\"Finanzieren: Leasing, Kredite &amp; Co. (Folge 1)\" \/><\/picture><\/div>\n<div class=\"media-still__icon\">\n<div class=\"play-icon play-icon--video\"><\/div>\n<\/div>\n<\/div>\n<\/div>\n<div class=\"media-caption media-caption--video media-caption--related-items\" role=\"text\">\n<div class=\"media-caption__title media-caption__title--video\"><strong>Finanzieren: Leasing, Kredite &amp; Co. (Folge 1)<\/strong><\/div>\n<div class=\"media-caption__source media-caption__source--video\"><span style=\"font-family: inherit; font-size: 1rem;\">Barkauf, Leasing oder Konsumkredit: Bei gr\u00f6sseren Anschaffungen wie einem Autokauf kommen verschiedene Finanzierungsarten in Frage. Moderator Gian-Marco Maissen erkl\u00e4rt die Unterschiede und worauf man achten muss, damit man keine b\u00f6sen \u00dcberraschungen erlebt.<\/span><\/div>\n<\/div>\n<div>\n<hr \/>\n<div class=\"medium medium--related-items medium--related-items--video js-medium-hover js-medium-with-availability\" role=\"text\">\n<div class=\"media-caption media-caption--video media-caption--related-items\" role=\"text\">\n<div>\n<div class=\"medium medium--related-items medium--related-items--video js-medium-hover js-medium-with-availability\" role=\"text\">\n<div class=\"medium__object\">\n<div class=\"media-still js-media-progress-container\">\n<div class=\"media-still__image media-still__image--hover\"><picture class=\"image image--media-still\" data-app-image-url=\"https:\/\/ws.srf.ch\/asset\/image\/audio\/5efb886b-bab0-4820-9e16-55bff2fdd74f\/EPISODE_IMAGE\/1664430604.png\/scale\/width\/1280\"><img decoding=\"async\" class=\"image-figure__image\" title=\"Bezahlen: Vom Bargeld zum Bitcoin (Folge 2)\" src=\"https:\/\/ws.srf.ch\/asset\/image\/audio\/5efb886b-bab0-4820-9e16-55bff2fdd74f\/EPISODE_IMAGE\/1664430604.png\/scale\/width\/480\" sizes=\"(max-width: 719px) 80px, 33.4vw\" srcset=\"https:\/\/ws.srf.ch\/asset\/image\/audio\/5efb886b-bab0-4820-9e16-55bff2fdd74f\/EPISODE_IMAGE\/1664430604.png\/scale\/width\/160 160w, https:\/\/ws.srf.ch\/asset\/image\/audio\/5efb886b-bab0-4820-9e16-55bff2fdd74f\/EPISODE_IMAGE\/1664430604.png\/scale\/width\/240 240w, https:\/\/ws.srf.ch\/asset\/image\/audio\/5efb886b-bab0-4820-9e16-55bff2fdd74f\/EPISODE_IMAGE\/1664430604.png\/scale\/width\/320 320w, https:\/\/ws.srf.ch\/asset\/image\/audio\/5efb886b-bab0-4820-9e16-55bff2fdd74f\/EPISODE_IMAGE\/1664430604.png\/scale\/width\/480 480w, https:\/\/ws.srf.ch\/asset\/image\/audio\/5efb886b-bab0-4820-9e16-55bff2fdd74f\/EPISODE_IMAGE\/1664430604.png\/scale\/width\/640 640w, https:\/\/ws.srf.ch\/asset\/image\/audio\/5efb886b-bab0-4820-9e16-55bff2fdd74f\/EPISODE_IMAGE\/1664430604.png\/scale\/width\/960 960w, https:\/\/ws.srf.ch\/asset\/image\/audio\/5efb886b-bab0-4820-9e16-55bff2fdd74f\/EPISODE_IMAGE\/1664430604.png\/scale\/width\/1280 1280w\" alt=\"Bezahlen: Vom Bargeld zum Bitcoin (Folge 2)\" \/><\/picture><\/div>\n<\/div>\n<\/div>\n<\/div>\n<\/div>\n<div class=\"media-caption__title media-caption__title--video\"><strong>Bezahlen: Vom Bargeld zum Bitcoin (Folge 2)<\/strong><\/div>\n<div class=\"media-caption__source media-caption__source--video\"><span style=\"font-family: inherit; font-size: 1rem;\">L\u00e4ngst ist Bargeld nicht mehr das einzige Zahlungsmittel. Selbst kleine Betr\u00e4ge bezahlen viele mit ihrer Debitkarte oder dem Smartphone. Gian-Marco Maissen zeigt auf, was es braucht, damit ein neues Zahlungsmittel akzeptiert wird. Und fragt nach: Wie s\u00e4he eine Welt ohne Geld aus?<\/span><\/div>\n<\/div>\n<div>\n<hr \/>\n<div class=\"related-items-list\">\n<ul class=\"related-items-list__list\">\n<li class=\"related-items-list__item media-window-container js-media-window-container\" data-media-window-breakpoint=\"smartphone\">\n<div class=\"related-items-list__content\">\n<div class=\"medium medium--related-items medium--related-items--video js-medium-hover js-medium-with-availability\" role=\"text\">\n<div class=\"medium__object\">\n<div class=\"media-still js-media-progress-container\">\n<div class=\"media-still__image\"><picture class=\"image image--media-still\" data-app-image-url=\"https:\/\/ws.srf.ch\/asset\/image\/audio\/3b16d90e-dee2-4ac0-857c-4abcb8b69445\/EPISODE_IMAGE\/1664809477.png\/scale\/width\/1280\"><img decoding=\"async\" class=\"image-figure__image\" title=\"Versicherungen: Wieviel kostet Sicherheit? (Folge 3)\" src=\"https:\/\/ws.srf.ch\/asset\/image\/audio\/3b16d90e-dee2-4ac0-857c-4abcb8b69445\/EPISODE_IMAGE\/1664809477.png\/scale\/width\/480\" sizes=\"(max-width: 719px) 80px, 33.4vw\" srcset=\"https:\/\/ws.srf.ch\/asset\/image\/audio\/3b16d90e-dee2-4ac0-857c-4abcb8b69445\/EPISODE_IMAGE\/1664809477.png\/scale\/width\/160 160w, https:\/\/ws.srf.ch\/asset\/image\/audio\/3b16d90e-dee2-4ac0-857c-4abcb8b69445\/EPISODE_IMAGE\/1664809477.png\/scale\/width\/240 240w, https:\/\/ws.srf.ch\/asset\/image\/audio\/3b16d90e-dee2-4ac0-857c-4abcb8b69445\/EPISODE_IMAGE\/1664809477.png\/scale\/width\/320 320w, https:\/\/ws.srf.ch\/asset\/image\/audio\/3b16d90e-dee2-4ac0-857c-4abcb8b69445\/EPISODE_IMAGE\/1664809477.png\/scale\/width\/480 480w, https:\/\/ws.srf.ch\/asset\/image\/audio\/3b16d90e-dee2-4ac0-857c-4abcb8b69445\/EPISODE_IMAGE\/1664809477.png\/scale\/width\/640 640w, https:\/\/ws.srf.ch\/asset\/image\/audio\/3b16d90e-dee2-4ac0-857c-4abcb8b69445\/EPISODE_IMAGE\/1664809477.png\/scale\/width\/960 960w, https:\/\/ws.srf.ch\/asset\/image\/audio\/3b16d90e-dee2-4ac0-857c-4abcb8b69445\/EPISODE_IMAGE\/1664809477.png\/scale\/width\/1280 1280w\" alt=\"Versicherungen: Wieviel kostet Sicherheit? (Folge 3)\" \/><\/picture><\/div>\n<div class=\"media-still__icon\">\n<div class=\"play-icon play-icon--video\"><\/div>\n<\/div>\n<\/div>\n<\/div>\n<div class=\"media-caption media-caption--video media-caption--related-items\" role=\"text\">\n<div class=\"media-caption__title media-caption__title--video\"><strong>Versicherungen: Wieviel kostet Sicherheit? (Folge 3)<\/strong><\/div>\n<\/div>\n<div class=\"medium__lead\">Egal ob Sachen, Verm\u00f6gen oder Personen. Es l\u00e4sst sich fast alles versichern. Manche Versicherungen, wie die Krankenkasse, sind obligatorisch, andere freiwillig. Doch alle basieren auf der Grundlage des Solidarit\u00e4tsprinzips: Die Gemeinschaft tr\u00e4gt das Risiko des oder der Einzelnen.<\/div>\n<hr \/>\n<\/div>\n<\/div>\n<\/li>\n<\/ul>\n<\/div>\n<div class=\"related-items-list\">\n<ul class=\"related-items-list__list\">\n<li class=\"related-items-list__item media-window-container js-media-window-container\" data-media-window-breakpoint=\"smartphone\">\n<div class=\"related-items-list__media-window\">\n<div class=\"media-window \"><\/div>\n<\/div>\n<div class=\"related-items-list__content\">\n<div class=\"medium medium--related-items medium--related-items--video js-medium-hover js-medium-with-availability\" role=\"text\">\n<div class=\"medium__object\">\n<div class=\"media-still js-media-progress-container\">\n<div class=\"media-still__image\"><picture class=\"image image--media-still\" data-app-image-url=\"https:\/\/ws.srf.ch\/asset\/image\/audio\/554bb2f1-9ba2-424e-907b-56ea0cdd8f48\/EPISODE_IMAGE\/1664809884.png\/scale\/width\/1280\"><img decoding=\"async\" class=\"image-figure__image\" title=\"Anlegen: Wohin mit dem Geld? (Folge 4)\" src=\"https:\/\/ws.srf.ch\/asset\/image\/audio\/554bb2f1-9ba2-424e-907b-56ea0cdd8f48\/EPISODE_IMAGE\/1664809884.png\/scale\/width\/480\" sizes=\"(max-width: 719px) 80px, 33.4vw\" srcset=\"https:\/\/ws.srf.ch\/asset\/image\/audio\/554bb2f1-9ba2-424e-907b-56ea0cdd8f48\/EPISODE_IMAGE\/1664809884.png\/scale\/width\/160 160w, https:\/\/ws.srf.ch\/asset\/image\/audio\/554bb2f1-9ba2-424e-907b-56ea0cdd8f48\/EPISODE_IMAGE\/1664809884.png\/scale\/width\/240 240w, https:\/\/ws.srf.ch\/asset\/image\/audio\/554bb2f1-9ba2-424e-907b-56ea0cdd8f48\/EPISODE_IMAGE\/1664809884.png\/scale\/width\/320 320w, https:\/\/ws.srf.ch\/asset\/image\/audio\/554bb2f1-9ba2-424e-907b-56ea0cdd8f48\/EPISODE_IMAGE\/1664809884.png\/scale\/width\/480 480w, https:\/\/ws.srf.ch\/asset\/image\/audio\/554bb2f1-9ba2-424e-907b-56ea0cdd8f48\/EPISODE_IMAGE\/1664809884.png\/scale\/width\/640 640w, https:\/\/ws.srf.ch\/asset\/image\/audio\/554bb2f1-9ba2-424e-907b-56ea0cdd8f48\/EPISODE_IMAGE\/1664809884.png\/scale\/width\/960 960w, https:\/\/ws.srf.ch\/asset\/image\/audio\/554bb2f1-9ba2-424e-907b-56ea0cdd8f48\/EPISODE_IMAGE\/1664809884.png\/scale\/width\/1280 1280w\" alt=\"Anlegen: Wohin mit dem Geld? (Folge 4)\" \/><\/picture><\/div>\n<div class=\"media-still__icon\">\n<div class=\"play-icon play-icon--video\"><\/div>\n<\/div>\n<\/div>\n<\/div>\n<div class=\"media-caption media-caption--video media-caption--related-items\" role=\"text\">\n<div class=\"media-caption__title media-caption__title--video\"><strong>Anlegen: Wohin mit dem Geld? (Folge 4)<\/strong><\/div>\n<div class=\"media-caption__source media-caption__source--video\"><\/div>\n<\/div>\n<div class=\"medium__lead\">Die 24-j\u00e4hrige Studentin Meret investiert ihr Geld seit ihrem 18. Lebensjahr in verschiedene Anlagen, zum Beispiel in Aktien. T\u00e4glich informiert sie sich \u00fcber die Finanzm\u00e4rkte. Moderator Gian-Marco Maissen erkl\u00e4rt, welche Anlagearten es gibt und was es mit dem \u00abmagischen Dreieck\u00bb auf sich hat.<\/div>\n<div>\n<hr \/>\n<\/div>\n<\/div>\n<\/div>\n<div class=\"linkbox linkbox--related\"><\/div>\n<\/li>\n<\/ul>\n<\/div>\n<div class=\"related-items-list\">\n<ul class=\"related-items-list__list\">\n<li class=\"related-items-list__item media-window-container js-media-window-container\" data-media-window-breakpoint=\"smartphone\">\n<div class=\"related-items-list__content\">\n<div class=\"medium medium--related-items medium--related-items--video js-medium-hover js-medium-with-availability\" role=\"text\">\n<div class=\"medium__object\">\n<div class=\"media-still js-media-progress-container\">\n<div class=\"media-still__image \"><picture class=\"image image--media-still\" data-app-image-url=\"https:\/\/ws.srf.ch\/asset\/image\/audio\/eb58f898-43e0-45f1-a061-e42728d1d440\/EPISODE_IMAGE\/1664810228.png\/scale\/width\/1280\"><img decoding=\"async\" class=\"image-figure__image\" title=\"Konjunktur: Auf und Ab der Wirtschaft (Folge 5)\" src=\"https:\/\/ws.srf.ch\/asset\/image\/audio\/eb58f898-43e0-45f1-a061-e42728d1d440\/EPISODE_IMAGE\/1664810228.png\/scale\/width\/480\" sizes=\"(max-width: 719px) 80px, 33.4vw\" srcset=\"https:\/\/ws.srf.ch\/asset\/image\/audio\/eb58f898-43e0-45f1-a061-e42728d1d440\/EPISODE_IMAGE\/1664810228.png\/scale\/width\/160 160w, https:\/\/ws.srf.ch\/asset\/image\/audio\/eb58f898-43e0-45f1-a061-e42728d1d440\/EPISODE_IMAGE\/1664810228.png\/scale\/width\/240 240w, https:\/\/ws.srf.ch\/asset\/image\/audio\/eb58f898-43e0-45f1-a061-e42728d1d440\/EPISODE_IMAGE\/1664810228.png\/scale\/width\/320 320w, https:\/\/ws.srf.ch\/asset\/image\/audio\/eb58f898-43e0-45f1-a061-e42728d1d440\/EPISODE_IMAGE\/1664810228.png\/scale\/width\/480 480w, https:\/\/ws.srf.ch\/asset\/image\/audio\/eb58f898-43e0-45f1-a061-e42728d1d440\/EPISODE_IMAGE\/1664810228.png\/scale\/width\/640 640w, https:\/\/ws.srf.ch\/asset\/image\/audio\/eb58f898-43e0-45f1-a061-e42728d1d440\/EPISODE_IMAGE\/1664810228.png\/scale\/width\/960 960w, https:\/\/ws.srf.ch\/asset\/image\/audio\/eb58f898-43e0-45f1-a061-e42728d1d440\/EPISODE_IMAGE\/1664810228.png\/scale\/width\/1280 1280w\" alt=\"Konjunktur: Auf und Ab der Wirtschaft (Folge 5)\" \/><\/picture><\/div>\n<div class=\"media-still__icon\">\n<div class=\"play-icon play-icon--video\"><\/div>\n<\/div>\n<\/div>\n<\/div>\n<div class=\"media-caption media-caption--video media-caption--related-items\" role=\"text\">\n<div class=\"media-caption__title media-caption__title--video\"><strong>Konjunktur: Auf und Ab der Wirtschaft (Folge 5)<\/strong><\/div>\n<div class=\"media-caption__source media-caption__source--video\"><\/div>\n<\/div>\n<div class=\"medium__lead\">Als Konsumentinnen oder Arbeitnehmer sind wir von der Konjunktur direkt betroffen. Welche Phasen durchl\u00e4uft sie jeweils? Gian-Marco Maissen erkl\u00e4rt, wie der Bund in das Wirtschaftsgeschehen eingreift. Und Jungunternehmer Robin erz\u00e4hlt, welche Auswirkungen solche Massnahmen auf sein Gesch\u00e4ft haben.<\/div>\n<\/div>\n<\/div>\n<div class=\"linkbox linkbox--related\"><\/div>\n<\/li>\n<\/ul>\n<\/div>\n<\/div>\n<\/div>\n<\/div>\n<\/div>\n<\/div>\n<\/li>\n<\/ul>\n<\/div>\n<\/section>\n","protected":false},"excerpt":{"rendered":"<p>Wirtschaft und Gesellschaft Sobald junge Menschen ins Arbeitsleben eintreten, m\u00fcssen sie sich in einer von der Wirtschaft gepr\u00e4gten Lebenswelt zurechtfinden.&hellip;<\/p>\n","protected":false},"author":1,"featured_media":0,"comment_status":"open","ping_status":"open","sticky":false,"template":"","format":"standard","meta":{"footnotes":""},"categories":[2,21,229,201],"tags":[],"class_list":["post-2274","post","type-post","status-publish","format-standard","hentry","category-1-lehrjahr","category-geld","category-geld-und-konsum-unterrichtsvorlagen-1-lehrjahr","category-unterrichtsvorlagen-1-lehrjahr"],"_links":{"self":[{"href":"https:\/\/abuchecker.ch\/abufri\/index.php?rest_route=\/wp\/v2\/posts\/2274","targetHints":{"allow":["GET"]}}],"collection":[{"href":"https:\/\/abuchecker.ch\/abufri\/index.php?rest_route=\/wp\/v2\/posts"}],"about":[{"href":"https:\/\/abuchecker.ch\/abufri\/index.php?rest_route=\/wp\/v2\/types\/post"}],"author":[{"embeddable":true,"href":"https:\/\/abuchecker.ch\/abufri\/index.php?rest_route=\/wp\/v2\/users\/1"}],"replies":[{"embeddable":true,"href":"https:\/\/abuchecker.ch\/abufri\/index.php?rest_route=%2Fwp%2Fv2%2Fcomments&post=2274"}],"version-history":[{"count":3,"href":"https:\/\/abuchecker.ch\/abufri\/index.php?rest_route=\/wp\/v2\/posts\/2274\/revisions"}],"predecessor-version":[{"id":2278,"href":"https:\/\/abuchecker.ch\/abufri\/index.php?rest_route=\/wp\/v2\/posts\/2274\/revisions\/2278"}],"wp:attachment":[{"href":"https:\/\/abuchecker.ch\/abufri\/index.php?rest_route=%2Fwp%2Fv2%2Fmedia&parent=2274"}],"wp:term":[{"taxonomy":"category","embeddable":true,"href":"https:\/\/abuchecker.ch\/abufri\/index.php?rest_route=%2Fwp%2Fv2%2Fcategories&post=2274"},{"taxonomy":"post_tag","embeddable":true,"href":"https:\/\/abuchecker.ch\/abufri\/index.php?rest_route=%2Fwp%2Fv2%2Ftags&post=2274"}],"curies":[{"name":"wp","href":"https:\/\/api.w.org\/{rel}","templated":true}]}}