{"id":2224,"date":"2022-01-20T14:48:05","date_gmt":"2022-01-20T14:48:05","guid":{"rendered":"https:\/\/abuchecker.ch\/abufri\/?p=2224"},"modified":"2022-01-20T14:57:08","modified_gmt":"2022-01-20T14:57:08","slug":"volksinitiative-kinder-ohne-tabak","status":"publish","type":"post","link":"https:\/\/abuchecker.ch\/abufri\/?p=2224","title":{"rendered":"Volksinitiative \u00abKinder ohne Tabak\u00bb"},"content":{"rendered":"<p><strong>Ausgangslage<\/strong><\/p>\n<p>Werbung f\u00fcr Tabakprodukte ist in der Schweiz unter Einschr\u00e4nkungen erlaubt. Verboten ist Werbung, die sich gezielt an Minderj\u00e4hrige richtet, insbesondere bei Veranstaltungen oder in Publikationen f\u00fcr Jugendliche. Es ist auch nicht erlaubt, Minderj\u00e4hrigen<br \/>\nWerbegeschenke zu machen oder Zigaretten gratis zu verteilen. Die Initiantinnen und Initianten m\u00f6chten jede Art von Werbung verbieten, die Kinderund Jugendliche erreicht. Damit w\u00fcrde auch Werbung verboten, die sich zwar haupts\u00e4chlich an Erwachsene richtet, aber auch f\u00fcr Kinder und Jugendliche zug\u00e4nglich ist.<\/p>\n<hr \/>\n<blockquote><p>&#8222;Der Einstieg in den Konsum von herk\u00f6mmlichen und alternativen Produkten wird nicht durch Werbung ausgel\u00f6st&#8220; (Swiss Cigarette)<\/p>\n<p>vs.<\/p>\n<p>&#8222;Wir haben der Industrie die M\u00f6glichkeit genommen, ihre Produkte anzupreisen\u00a0 (<span style=\"color: #555555; font-size: 1.1rem;\">Tabak Gesundheitsbeh\u00f6rde Grossbritannien)<\/span><\/p><\/blockquote>\n<hr \/>\n<p>Die Sendung Eco fragt nach den wirtschaftlichen Folgen und Kosten v. Rauchen. Und die grosse Tabakindustrie betreibt ihr Lobbying und behauptet 10`000 Arbeitspl\u00e4tze zu schaffen. Fakt ist, die Schweiz hat eine lasche Gesetzgebung. Hier schaut Eco genau hin und vergleicht die Schweiz mit dem Ausland. Brauchen wir eine strengere Handhabung im Umgang mit Tabakprodukten, \u00e4hnlich wie sie Grossbritannien hat?<\/p>\n<p>Eco Film (9 Min. 16) : <a id=\"LPlnk499320\" href=\"https:\/\/www.nanoo.tv\/link\/v\/icxmEcoi\" target=\"_blank\" rel=\"noopener noreferrer\" data-auth=\"NotApplicable\" data-linkindex=\"0\"><span style=\"color: #008000;\">Rauchen verursacht Milliardensch\u00e4den\u00a0 \u00a0 \u00a0 \u00a0 \u00a0 \u00a0 \u00a0 \u00a0 \u00a0 \u00a0 \u00a0 \u00a0 \u00a0 \u00a0 \u00a0 \u00a0 \u00a0 \u00a0 \u00a0 \u00a0 \u00a0 \u00a0 \u00a0 \u00a0 \u00a0 \u00a0 \u00a0 \u00a0 \u00a0 \u00a0 \u00a0 \u00a0 \u00a0 \u00a0 \u00a0 \u00a0 \u00a0 \u00a0 \u00a0 \u00a0 \u00a0 \u00a0\u00a0<\/span> \u00a0<\/a><span style=\"color: #008000;\"><a id=\"LPlnk499320\" style=\"color: #008000;\" href=\"https:\/\/www.nanoo.tv\/link\/v\/icxmEcoi\" target=\"_blank\" rel=\"noopener noreferrer\" data-auth=\"NotApplicable\" data-linkindex=\"0\"><img decoding=\"async\" src=\"https:\/\/www.nanoo.tv\/code\/barcode.w22\/qr\/72\/icxmEcoi.png\" \/><\/a><\/span><\/p>\n<p>Fragen:<\/p>\n<ul>\n<li>Was sind die volkswirtschaftlichen Kosten?<\/li>\n<li>Was sind die Folgen f\u00fcr die RaucherInnen?<\/li>\n<li>Wie hat sich das Tabakproduktegesetz in der Schweiz entwickelt?<\/li>\n<li>Wie sieht der Vergleich mit dem Ausland aus?<\/li>\n<li>Welche Haltung hat die Tabakindustrie?<\/li>\n<li>Wer ist f\u00fcr strengere Gesetze?<\/li>\n<\/ul>\n<hr \/>\n<p>Orell F\u00fcssli bietet sehr interessantes Unterrichtsmaterial an. Dabei kann das Thema auf dem Computer mit Texten, Kurzfilmen, Grafiken, Spiel\u00a0 etc. verarbeitet werden. Ein Pro und Kontra bietet sich an, das Thema anschliessend auch noch sprachlich zu pr\u00fcfen. Interessant ist auch der Teil, welcher sich der Funktion v. Werbung widmet.<\/p>\n<div><\/div>\n<ul>\n<li><span style=\"color: #008000;\"><a style=\"color: #008000;\" href=\"https:\/\/abuchecker.ch\/abufri\/?attachment_id=2225\" rel=\"attachment wp-att-2225\">Unterrichtsmaterial:\u00a0ImPuls_Abstimmung_Kinder_ohne_Tabak_IB<\/a><\/span><\/li>\n<\/ul>\n<hr \/>\n<p>F\u00fcr die weitere Recherche:<\/p>\n<ul>\n<li><span style=\"color: #008000;\"><a style=\"color: #008000;\" href=\"https:\/\/www.srf.ch\/news\/wirtschaft\/folgen-von-tabakkonsum-der-preis-des-rauchens-viele-tote-hohe-kosten\">Folgen von Tabakkonsum &#8211; Der Preis des Rauchens: Viele Tote, hohe Kosten &#8211; News &#8211; SRF<\/a><\/span><\/li>\n<\/ul>\n<p>&nbsp;<\/p>\n","protected":false},"excerpt":{"rendered":"<p>Ausgangslage Werbung f\u00fcr Tabakprodukte ist in der Schweiz unter Einschr\u00e4nkungen erlaubt. Verboten ist Werbung, die sich gezielt an Minderj\u00e4hrige richtet,&hellip;<\/p>\n","protected":false},"author":1,"featured_media":0,"comment_status":"open","ping_status":"open","sticky":false,"template":"","format":"standard","meta":{"footnotes":""},"categories":[182,232,236,31,36,201,202,41],"tags":[],"class_list":["post-2224","post","type-post","status-publish","format-standard","hentry","category-abstimmungen","category-freizeit-risiko-und-sicherheit","category-freizeit-risiko-und-sicherheit-unterrichtsvorlagen-1-lehrjahr","category-politik_meinungsbildung","category-sprache_debattieren","category-unterrichtsvorlagen-1-lehrjahr","category-unterrichtsvorlagen-2-lehrjahr","category-wirtschaft"],"_links":{"self":[{"href":"https:\/\/abuchecker.ch\/abufri\/index.php?rest_route=\/wp\/v2\/posts\/2224","targetHints":{"allow":["GET"]}}],"collection":[{"href":"https:\/\/abuchecker.ch\/abufri\/index.php?rest_route=\/wp\/v2\/posts"}],"about":[{"href":"https:\/\/abuchecker.ch\/abufri\/index.php?rest_route=\/wp\/v2\/types\/post"}],"author":[{"embeddable":true,"href":"https:\/\/abuchecker.ch\/abufri\/index.php?rest_route=\/wp\/v2\/users\/1"}],"replies":[{"embeddable":true,"href":"https:\/\/abuchecker.ch\/abufri\/index.php?rest_route=%2Fwp%2Fv2%2Fcomments&post=2224"}],"version-history":[{"count":2,"href":"https:\/\/abuchecker.ch\/abufri\/index.php?rest_route=\/wp\/v2\/posts\/2224\/revisions"}],"predecessor-version":[{"id":2227,"href":"https:\/\/abuchecker.ch\/abufri\/index.php?rest_route=\/wp\/v2\/posts\/2224\/revisions\/2227"}],"wp:attachment":[{"href":"https:\/\/abuchecker.ch\/abufri\/index.php?rest_route=%2Fwp%2Fv2%2Fmedia&parent=2224"}],"wp:term":[{"taxonomy":"category","embeddable":true,"href":"https:\/\/abuchecker.ch\/abufri\/index.php?rest_route=%2Fwp%2Fv2%2Fcategories&post=2224"},{"taxonomy":"post_tag","embeddable":true,"href":"https:\/\/abuchecker.ch\/abufri\/index.php?rest_route=%2Fwp%2Fv2%2Ftags&post=2224"}],"curies":[{"name":"wp","href":"https:\/\/api.w.org\/{rel}","templated":true}]}}