{"id":2219,"date":"2022-01-10T15:14:30","date_gmt":"2022-01-10T15:14:30","guid":{"rendered":"https:\/\/abuchecker.ch\/abufri\/?p=2219"},"modified":"2022-01-10T15:14:30","modified_gmt":"2022-01-10T15:14:30","slug":"migration-geschichten-von-flucht-trauma-und-hoffnung","status":"publish","type":"post","link":"https:\/\/abuchecker.ch\/abufri\/?p=2219","title":{"rendered":"Migration \u2013 Geschichten von Flucht, Trauma und Hoffnung"},"content":{"rendered":"<p>2015 steigt die Zahl derer, die auf ihrer Flucht aus Krisengebieten auch in den Norden Deutschlands kommen, sprunghaft an. Die Aufmerksamkeit ist gro\u00df, viel wird \u00fcber die Fl\u00fcchtlinge berichtet. Man sieht sie auf ihrer Flucht, hinter Stacheldrahtz\u00e4unen stehend, an Bahnh\u00f6fen wartend, in Zelten frierend. M\u00e4nner, Frauen und Kinder. H\u00e4ufig ist allgemein von Fl\u00fcchtlingen die Rede, von den Herausforderungen f\u00fcr Europa. Aber nur wenige wissen wirklich etwas \u00fcber diese Menschen, die ihre Heimat verlassen haben, um bei uns Sicherheit zu finden. Wie haben sie bisher gelebt? Was war der Ausl\u00f6ser f\u00fcr die Flucht? Wie haben sie die Flucht erlebt oder besser gesagt \u00fcberlebt? Welche W\u00fcnsche haben sie f\u00fcr ihre Zukunft?<\/p>\n<p>Diese<span style=\"color: #008000;\"> <a style=\"color: #008000;\" href=\"https:\/\/abuchecker.ch\/abufri\/?attachment_id=2218\" rel=\"attachment wp-att-2218\">Migrations &#8211; Geschichten (Word-AB)<\/a><\/span> setzen sich mit den Geschichten der fl\u00fcchtenden Menschen auseinander. Die Lernenden h\u00f6ren sich die Lebensgeschichten an und pr\u00e4sentieren diese mit Hilfe von Slides (Bildern, Karten, Stichworten&#8230;).<\/p>\n<hr \/>\n<p><em>Lernziele Gesellschaft: Die Lernenden\u00a0<\/em><\/p>\n<ul>\n<li>setzen sich mit den verschiedenen Lebensgeschichten auseinander<\/li>\n<li>verstehen, warum Menschen fl\u00fcchten m\u00fcssen<\/li>\n<li>beschreiben die Fluchtwege\/ Routen dieser Menschen<\/li>\n<\/ul>\n<p><em>Lernziele Sprache und Kommunikation: Die Lernenden\u00a0<\/em><\/p>\n<ul>\n<li>bearbeiten die Videogeschichten mittels Notizen und Bildern<\/li>\n<li>pr\u00e4sentieren die Fluchtgeschichten<\/li>\n<\/ul>\n","protected":false},"excerpt":{"rendered":"<p>2015 steigt die Zahl derer, die auf ihrer Flucht aus Krisengebieten auch in den Norden Deutschlands kommen, sprunghaft an. Die&hellip;<\/p>\n","protected":false},"author":1,"featured_media":2221,"comment_status":"open","ping_status":"open","sticky":false,"template":"","format":"standard","meta":{"footnotes":""},"categories":[245,203],"tags":[],"class_list":["post-2219","post","type-post","status-publish","format-standard","has-post-thumbnail","hentry","category-migration-unterrichtsvorlagen-3-lehrjahr","category-unterrichtsvorlagen-3-lehrjahr"],"_links":{"self":[{"href":"https:\/\/abuchecker.ch\/abufri\/index.php?rest_route=\/wp\/v2\/posts\/2219","targetHints":{"allow":["GET"]}}],"collection":[{"href":"https:\/\/abuchecker.ch\/abufri\/index.php?rest_route=\/wp\/v2\/posts"}],"about":[{"href":"https:\/\/abuchecker.ch\/abufri\/index.php?rest_route=\/wp\/v2\/types\/post"}],"author":[{"embeddable":true,"href":"https:\/\/abuchecker.ch\/abufri\/index.php?rest_route=\/wp\/v2\/users\/1"}],"replies":[{"embeddable":true,"href":"https:\/\/abuchecker.ch\/abufri\/index.php?rest_route=%2Fwp%2Fv2%2Fcomments&post=2219"}],"version-history":[{"count":2,"href":"https:\/\/abuchecker.ch\/abufri\/index.php?rest_route=\/wp\/v2\/posts\/2219\/revisions"}],"predecessor-version":[{"id":2222,"href":"https:\/\/abuchecker.ch\/abufri\/index.php?rest_route=\/wp\/v2\/posts\/2219\/revisions\/2222"}],"wp:featuredmedia":[{"embeddable":true,"href":"https:\/\/abuchecker.ch\/abufri\/index.php?rest_route=\/wp\/v2\/media\/2221"}],"wp:attachment":[{"href":"https:\/\/abuchecker.ch\/abufri\/index.php?rest_route=%2Fwp%2Fv2%2Fmedia&parent=2219"}],"wp:term":[{"taxonomy":"category","embeddable":true,"href":"https:\/\/abuchecker.ch\/abufri\/index.php?rest_route=%2Fwp%2Fv2%2Fcategories&post=2219"},{"taxonomy":"post_tag","embeddable":true,"href":"https:\/\/abuchecker.ch\/abufri\/index.php?rest_route=%2Fwp%2Fv2%2Ftags&post=2219"}],"curies":[{"name":"wp","href":"https:\/\/api.w.org\/{rel}","templated":true}]}}