{"id":2193,"date":"2022-01-10T14:23:29","date_gmt":"2022-01-10T14:23:29","guid":{"rendered":"https:\/\/abuchecker.ch\/abufri\/?p=2193"},"modified":"2022-01-10T14:30:05","modified_gmt":"2022-01-10T14:30:05","slug":"kleines-land-gross-im-uebersee-geschaeft","status":"publish","type":"post","link":"https:\/\/abuchecker.ch\/abufri\/?p=2193","title":{"rendered":"Kleines Land gross im \u00dcbersee-Gesch\u00e4ft"},"content":{"rendered":"<h6>Die Schweiz galt lange als Land von Hirten und Bauern \u2013 ein Bild, das tr\u00fcgt: Sie ist seit Jahrhunderten auch eine Handelsmacht. Basler Missionare, Neuenburger Handelsgesellschaften und Glarner Unternehmer reisten bereits im 18. Jahrhundert \u00fcbers Meer nach Asien, Afrika und Amerika.<\/h6>\n<hr \/>\n<p><em>Lernziele: Die Lernenden k\u00f6nnen<\/em><\/p>\n<h6><img loading=\"lazy\" decoding=\"async\" class=\"wp-image-2196 alignright\" src=\"https:\/\/abuchecker.ch\/abufri\/wp-content\/uploads\/2021\/12\/qrcode_www.srf_.ch-1-150x150.png\" alt=\"\" width=\"100\" height=\"100\" srcset=\"https:\/\/abuchecker.ch\/abufri\/wp-content\/uploads\/2021\/12\/qrcode_www.srf_.ch-1-150x150.png 150w, https:\/\/abuchecker.ch\/abufri\/wp-content\/uploads\/2021\/12\/qrcode_www.srf_.ch-1-300x300.png 300w, https:\/\/abuchecker.ch\/abufri\/wp-content\/uploads\/2021\/12\/qrcode_www.srf_.ch-1.png 530w\" sizes=\"auto, (max-width: 100px) 100vw, 100px\" \/><\/h6>\n<ul>\n<li>erkennen, dass die Schweiz schon in der fr\u00fchen Neuzeit aktiv im europ\u00e4ischen Handel mitmischte<\/li>\n<li>die Vorteile, welche die Handelsbeziehungen mit sich brachten, verstehen<\/li>\n<li>nachvollziehen, dass die Schweiz schon fr\u00fch\u00a0 international t\u00e4tig war und sich dadurch wirtschaftlich weiterentwickelte<\/li>\n<\/ul>\n<p><span style=\"color: #008000;\">Link srf:<a style=\"color: #008000;\" href=\"https:\/\/www.srf.ch\/kultur\/gesellschaft-religion\/schweiz-als-handelsmacht-kleines-land-gross-im-uebersee-\"> Schweiz als Handelsmacht mit einem Gespr\u00e4ch und einem Audiobeitrag (Kontext)\u00a0 zu diesem Thema<\/a><\/span><\/p>\n<p>&nbsp;<\/p>\n<hr \/>\n<p>Das Bild der Schweiz als Volk von Bauern und Hirten tr\u00fcgt: Das Land wurde vielmehr gepr\u00e4gt durch eine starke Handelst\u00e4tigkeit in \u00dcbersee, die seinen Reichtum begr\u00fcndet hat: Kaufleute reisten bereits im 18. Jahrhundert \u00fcbers Meer nach Asien, Afrika und Amerika, verkauften dort Stoffe, Stickereien und Uhren und brachten Kolonialwaren wie Zucker, Kaffee und Kakao zur\u00fcck. Sie betrieben &#8211; wie etwa auf den Antillen &#8211; Plantagen mit Sklaven, er\u00f6ffneten Warenh\u00e4user in Westafrika und gr\u00fcndeten Schokoladefabriken in den USA.<\/p>\n<p>\u00abKontext\u00bb beleuchtet dieses kaum erforschte Kapitel der Schweizer Geschichte.<\/p>\n<div class=\"wp-playlist wp-audio-playlist wp-playlist-light\">\n\t\t\t<div class=\"wp-playlist-current-item\"><\/div>\n\t\t<audio controls=\"controls\" preload=\"none\" width=\"666\"\n\t\t\t><\/audio>\n\t<div class=\"wp-playlist-next\"><\/div>\n\t<div class=\"wp-playlist-prev\"><\/div>\n\t<noscript>\n\t<ol>\n\t\t<li><a href='https:\/\/abuchecker.ch\/abufri\/wp-content\/uploads\/2021\/12\/Kontext_05-08-2021-1758.1628170429427.mp3'>Kontext-Sommerserie: Kleines Land gross im \u00dcbersee-Gesch\u00e4ft (9\/9)<\/a><\/li>\t<\/ol>\n\t<\/noscript>\n\t<script type=\"application\/json\" class=\"wp-playlist-script\">{\"type\":\"audio\",\"tracklist\":true,\"tracknumbers\":true,\"images\":true,\"artists\":true,\"tracks\":[{\"src\":\"https:\/\/abuchecker.ch\/abufri\/wp-content\/uploads\/2021\/12\/Kontext_05-08-2021-1758.1628170429427.mp3\",\"type\":\"audio\/mpeg\",\"title\":\"Kontext-Sommerserie: Kleines Land gross im \\u00dcbersee-Gesch\\u00e4ft (9\/9)\",\"caption\":\"\",\"description\":\"\\\"Kontext-Sommerserie: Kleines Land gross im \\u00dcbersee-Gesch\\u00e4ft (9\/9)\\\" aus Kontext von Radio SRF 2 Kultur. Ver\\u00f6ffentlicht: 2021.\",\"meta\":{\"artist\":\"Radio SRF 2 Kultur\",\"album\":\"Kontext\",\"year\":\"2021\",\"length_formatted\":\"52:01\"},\"image\":{\"src\":\"https:\/\/abuchecker.ch\/abufri\/wp-content\/uploads\/2021\/12\/Kontext_05-08-2021-1758-1628170429427-mp3-image.jpg\",\"width\":1400,\"height\":1400},\"thumb\":{\"src\":\"https:\/\/abuchecker.ch\/abufri\/wp-content\/uploads\/2021\/12\/Kontext_05-08-2021-1758-1628170429427-mp3-image-150x150.jpg\",\"width\":150,\"height\":150}}]}<\/script>\n<\/div>\n\t\n<p>&nbsp;<\/p>\n<p>&nbsp;<\/p>\n<p>&nbsp;<\/p>\n<p>&nbsp;<\/p>\n<p>&nbsp;<\/p>\n","protected":false},"excerpt":{"rendered":"<p>Die Schweiz galt lange als Land von Hirten und Bauern \u2013 ein Bild, das tr\u00fcgt: Sie ist seit Jahrhunderten auch&hellip;<\/p>\n","protected":false},"author":1,"featured_media":0,"comment_status":"open","ping_status":"open","sticky":false,"template":"","format":"standard","meta":{"footnotes":""},"categories":[3,28,41],"tags":[244],"class_list":["post-2193","post","type-post","status-publish","format-standard","hentry","category-2-lehrjahr","category-migration","category-wirtschaft","tag-handel"],"_links":{"self":[{"href":"https:\/\/abuchecker.ch\/abufri\/index.php?rest_route=\/wp\/v2\/posts\/2193","targetHints":{"allow":["GET"]}}],"collection":[{"href":"https:\/\/abuchecker.ch\/abufri\/index.php?rest_route=\/wp\/v2\/posts"}],"about":[{"href":"https:\/\/abuchecker.ch\/abufri\/index.php?rest_route=\/wp\/v2\/types\/post"}],"author":[{"embeddable":true,"href":"https:\/\/abuchecker.ch\/abufri\/index.php?rest_route=\/wp\/v2\/users\/1"}],"replies":[{"embeddable":true,"href":"https:\/\/abuchecker.ch\/abufri\/index.php?rest_route=%2Fwp%2Fv2%2Fcomments&post=2193"}],"version-history":[{"count":9,"href":"https:\/\/abuchecker.ch\/abufri\/index.php?rest_route=\/wp\/v2\/posts\/2193\/revisions"}],"predecessor-version":[{"id":2216,"href":"https:\/\/abuchecker.ch\/abufri\/index.php?rest_route=\/wp\/v2\/posts\/2193\/revisions\/2216"}],"wp:attachment":[{"href":"https:\/\/abuchecker.ch\/abufri\/index.php?rest_route=%2Fwp%2Fv2%2Fmedia&parent=2193"}],"wp:term":[{"taxonomy":"category","embeddable":true,"href":"https:\/\/abuchecker.ch\/abufri\/index.php?rest_route=%2Fwp%2Fv2%2Fcategories&post=2193"},{"taxonomy":"post_tag","embeddable":true,"href":"https:\/\/abuchecker.ch\/abufri\/index.php?rest_route=%2Fwp%2Fv2%2Ftags&post=2193"}],"curies":[{"name":"wp","href":"https:\/\/api.w.org\/{rel}","templated":true}]}}