{"id":2182,"date":"2021-11-14T09:23:26","date_gmt":"2021-11-14T09:23:26","guid":{"rendered":"https:\/\/abuchecker.ch\/abufri\/?p=2182"},"modified":"2022-01-10T13:40:07","modified_gmt":"2022-01-10T13:40:07","slug":"drogen-verbieten-oder-entkriminalisieren","status":"publish","type":"post","link":"https:\/\/abuchecker.ch\/abufri\/?p=2182","title":{"rendered":"Drogen verbieten oder entkriminalisieren?"},"content":{"rendered":"<p>Folgender Filmausschnitt befasst sich mit der aktuellen Drogenproblematik in Europa und weltweit. Ein geschichtlicher R\u00fcckblick zeigt, dass die klassischen Verbots-ans\u00e4tze wie z.B. die Prohibition in den USA nicht funktioniert haben. Am Beispiel Portugal wird erkl\u00e4rt, welche Folgen die Entkriminalisierung auf den Konsum haben kann. Und dann ist da noch Paul, der Schweizer Gelegenheitskonsument, welcher jeden Tag arbeiten geht. Und sich ab und zu mit Drogen eindeckt und diese vor dem Konsum sogar auf ihre Wirksamkeit testen l\u00e4sst.<\/p>\n<p>Lernziele: Die Lernenden<\/p>\n<ul>\n<li>verstehen, warum die klassische Drogenpolitik gescheitert ist<\/li>\n<li>beschreiben wie es Portugal macht und hinterfragen dies kritisch<\/li>\n<li>beschreiben die Ver\u00e4nderung und Entwicklung der angebotenen Drogenprodukte<\/li>\n<li>erkennen am Beispiel Streetparade und der Droge Exctasy Wirkung und Folgen<\/li>\n<li>argumentieren f\u00fcr oder gegen die Entkriminalisierung<\/li>\n<li>stellen sich die Frage, ob sich der Staat in das private Konsumverhalten v. Jugendlichen einmischen soll oder nicht<\/li>\n<\/ul>\n<p>&nbsp;<\/p>\n<hr \/>\n<h6><span style=\"color: #008000;\"><a style=\"color: #008000;\" href=\"https:\/\/www.nanoo.tv\/link\/v\/JazYpXXY\" target=\"_blank\" rel=\"noopener\">Filmauszug: Drogen verbieten oder legalisieren \u00a0 \u00a0 \u00a0 \u00a0 \u00a0 \u00a0 \u00a0 \u00a0 \u00a0 \u00a0 \u00a0 \u00a0 \u00a0 \u00a0 \u00a0 <\/a><\/span>Link:\u00a0<span style=\"color: #008000;\"><a style=\"color: #008000;\" href=\"https:\/\/www.nanoo.tv\/link\/v\/JazYpXXY\" target=\"_blank\" rel=\"noopener\">https:\/\/www.nanoo.tv\/link\/v\/JazYpXXY (bis 4.6.2022)<\/a><\/span><\/h6>\n<h6><span style=\"color: #008000;\"><a style=\"color: #008000;\" href=\"https:\/\/www.nanoo.tv\/link\/v\/JazYpXXY\" target=\"_blank\" rel=\"noopener\"><img loading=\"lazy\" decoding=\"async\" class=\"alignleft\" src=\"https:\/\/www.nanoo.tv\/code\/barcode.w22\/qr\/72\/JazYpXXY.png\" width=\"111\" height=\"111\" \/><\/a><\/span><\/h6>\n<p>&nbsp;<\/p>\n<p>&nbsp;<\/p>\n<p>&nbsp;<\/p>\n<p><strong>Teil 1: (bis Min. 10.17)<\/strong><\/p>\n<ul>\n<li>Welche Drogenpolitik betreibt Portugal? Welche \u00c4ngste u. Bedenken hatte die Politik vor der\u00a0 Einf\u00fchrung im Jahre 2003?<\/li>\n<li>Was waren die Resultate?<\/li>\n<li>Wie unterscheidet sie sich von der &#8222;alten Drogenpolitik&#8220;, welche auf Verbote und Repression gesetzt hatte?<\/li>\n<li>Welche Konsequenzen hat es f\u00fcr die Jugendlichen?<\/li>\n<\/ul>\n<p><strong>Teil 2: (bis Min. 18.38)<\/strong><\/p>\n<ul>\n<li>Beschreibe was f\u00fcr ein Drogenkonsument Paul darstellt? Wovor hat er Angst?<\/li>\n<li>Was ist in seinem Zusammenhang mit &#8222;Safer Use&#8220; gemeint?<\/li>\n<li>Welche Entwicklung haben die Drogen bez\u00fcglich Reinheit und Intensit\u00e4t in den letzten Jahren durchgemacht?<\/li>\n<li>Inwiefern ist Extasy eine gesellschaftliche Droge? Was sind die Folgen v. intensivem Konsum?<\/li>\n<\/ul>\n<p><strong>Teil 3: (bis Min. 24.27)<\/strong><\/p>\n<ul>\n<li>Welche Ergebnisse und Erfahrungen hat die Entkriminaliserung in Portugal gebracht?<\/li>\n<li>Haben Drogen auch einen Nutzen f\u00fcr die\u00a0 Gesellschaft?<\/li>\n<\/ul>\n<p><strong>Teil 4: (ab Min 24.27)<\/strong><\/p>\n<ul>\n<li>Wie sieht eine moderne Drogenpolitik f\u00fcr euch aus?<\/li>\n<li>Mit welchen Mitteln sollten Jugendliche\u00a0 vor den Gefahren v. Drogen begegnet werden?<\/li>\n<li>Was spricht f\u00fcr oder gegen eine offene und liberale Drogenpolitik?<\/li>\n<\/ul>\n<hr \/>\n<p><strong>Diskussion:<\/strong> Sollte Cannabis in der Schweiz legalisiert werden?<\/p>\n<h6>Recherche:<\/h6>\n<ul>\n<li>\n<h6><span style=\"color: #008000;\"><a style=\"color: #008000;\" href=\"https:\/\/www.quarks.de\/gesundheit\/drogen\/loest-cannabis-konsum-eine-psychose-aus\/\" target=\"_blank\" rel=\"noopener\">L\u00f6st Cannabis eine Psychose aus? (aus Quarks dem Wissenschaftsportal)<\/a><\/span><\/h6>\n<\/li>\n<li>\n<h6><span style=\"color: #008000;\"><a style=\"color: #008000;\" href=\"https:\/\/open.spotify.com\/episode\/66IvsRC9COCpaUwMKrqtPV?si=HZuVX8wgQq-nYuE_ZVX9eg\">Podcast Spotify: Drogenexplosion nach der Legalisierung?<\/a><\/span><\/h6>\n<\/li>\n<\/ul>\n<p>&nbsp;<\/p>\n<p><iframe loading=\"lazy\" title=\"Spotify Embed: Akte Cannabis: Drogen-Explosion durch Legalisierung?\" width=\"100%\" height=\"152\" frameborder=\"0\" allowfullscreen allow=\"autoplay; clipboard-write; encrypted-media; fullscreen; picture-in-picture\" src=\"https:\/\/open.spotify.com\/embed\/episode\/66IvsRC9COCpaUwMKrqtPV?si=HZuVX8wgQq-nYuE_ZVX9eg&#038;utm_source=oembed\"><\/iframe><\/p>\n<hr \/>\n<h5>These: F\u00fchrt eine Legalisierung von Cannabis dazu, dass mehr Jugendliche kiffen? Manche Fachleute bef\u00fcrchten das. Aus Gr\u00fcnden.<\/h5>\n<p><img decoding=\"async\" src=\"https:\/\/pbs.twimg.com\/media\/FBzCdgvWUAQAbnq?format=png&amp;name=medium\" alt=\"Bild\" \/><\/p>\n","protected":false},"excerpt":{"rendered":"<p>Folgender Filmausschnitt befasst sich mit der aktuellen Drogenproblematik in Europa und weltweit. Ein geschichtlicher R\u00fcckblick zeigt, dass die klassischen Verbots-ans\u00e4tze&hellip;<\/p>\n","protected":false},"author":1,"featured_media":2186,"comment_status":"open","ping_status":"open","sticky":false,"template":"","format":"standard","meta":{"footnotes":""},"categories":[242,34,236,201,202],"tags":[],"class_list":["post-2182","post","type-post","status-publish","format-standard","has-post-thumbnail","hentry","category-aktualitaet_politische-mitbestimmung","category-risiko-und-sicherheit","category-freizeit-risiko-und-sicherheit-unterrichtsvorlagen-1-lehrjahr","category-unterrichtsvorlagen-1-lehrjahr","category-unterrichtsvorlagen-2-lehrjahr"],"_links":{"self":[{"href":"https:\/\/abuchecker.ch\/abufri\/index.php?rest_route=\/wp\/v2\/posts\/2182","targetHints":{"allow":["GET"]}}],"collection":[{"href":"https:\/\/abuchecker.ch\/abufri\/index.php?rest_route=\/wp\/v2\/posts"}],"about":[{"href":"https:\/\/abuchecker.ch\/abufri\/index.php?rest_route=\/wp\/v2\/types\/post"}],"author":[{"embeddable":true,"href":"https:\/\/abuchecker.ch\/abufri\/index.php?rest_route=\/wp\/v2\/users\/1"}],"replies":[{"embeddable":true,"href":"https:\/\/abuchecker.ch\/abufri\/index.php?rest_route=%2Fwp%2Fv2%2Fcomments&post=2182"}],"version-history":[{"count":6,"href":"https:\/\/abuchecker.ch\/abufri\/index.php?rest_route=\/wp\/v2\/posts\/2182\/revisions"}],"predecessor-version":[{"id":2200,"href":"https:\/\/abuchecker.ch\/abufri\/index.php?rest_route=\/wp\/v2\/posts\/2182\/revisions\/2200"}],"wp:featuredmedia":[{"embeddable":true,"href":"https:\/\/abuchecker.ch\/abufri\/index.php?rest_route=\/wp\/v2\/media\/2186"}],"wp:attachment":[{"href":"https:\/\/abuchecker.ch\/abufri\/index.php?rest_route=%2Fwp%2Fv2%2Fmedia&parent=2182"}],"wp:term":[{"taxonomy":"category","embeddable":true,"href":"https:\/\/abuchecker.ch\/abufri\/index.php?rest_route=%2Fwp%2Fv2%2Fcategories&post=2182"},{"taxonomy":"post_tag","embeddable":true,"href":"https:\/\/abuchecker.ch\/abufri\/index.php?rest_route=%2Fwp%2Fv2%2Ftags&post=2182"}],"curies":[{"name":"wp","href":"https:\/\/api.w.org\/{rel}","templated":true}]}}