{"id":2150,"date":"2021-10-14T08:53:44","date_gmt":"2021-10-14T08:53:44","guid":{"rendered":"https:\/\/abuchecker.ch\/abufri\/?p=2150"},"modified":"2021-10-14T08:59:22","modified_gmt":"2021-10-14T08:59:22","slug":"alle-fuenf-jahre-wird-der-grosse-rat-staatsrat-im-kanton-freiburg-gewaehlt","status":"publish","type":"post","link":"https:\/\/abuchecker.ch\/abufri\/?p=2150","title":{"rendered":"Alle f\u00fcnf Jahre wird der Grosse Rat &#038; Staatsrat im Kanton Freiburg gew\u00e4hlt."},"content":{"rendered":"<p><span style=\"color: #000000;\">Alle 5 Jahre werden die Oberamtspersonen, Mitglieder des Grossen Rates und des Staatsrates des Kanton Freiburgs neu gew\u00e4hlt. Die Abstimmung findet am 7. November 2021 statt.Falls ein zweiter Wahlgang notwendig ist, findet dieser am 28. November 2021.<\/span><\/p>\n<hr \/>\n<p>Lernziele Grossratswahl: Die Lernenden<\/p>\n<ul>\n<li>wissen, dass der Grosse Rat das Kantonsparlament (Legislative) verk\u00f6rpert<\/li>\n<li>kennen die Aufgaben des Grossen Rates<\/li>\n<li>kennen das Wahlsystem<\/li>\n<li>verstehen wie eine Listenwahl\u00a0 (Proporzwahlsystem)\u00a0 funktioniert<\/li>\n<li>wissen wie sie abstimmen m\u00fcssen (vorgedruckte Liste einer Partei w\u00e4hlen \/ Durchstreichen\u00a0 oder Hinzuf\u00fcgen v. Kandidierenden \/ eigene Liste zusammenstellen)<\/li>\n<\/ul>\n<blockquote><p>Diese Fragen k\u00f6nnen mit dem folgenden Erkl\u00e4rvideo gel\u00f6st werden.<\/p><\/blockquote>\n<p><iframe loading=\"lazy\" title=\"Kanton Freiburg: Wahlen Grosser Rat 7. November 2021\" width=\"688\" height=\"387\" src=\"https:\/\/www.youtube.com\/embed\/b-xwi0fc0Ao?feature=oembed\" frameborder=\"0\" allow=\"accelerometer; autoplay; clipboard-write; encrypted-media; gyroscope; picture-in-picture\" allowfullscreen><\/iframe><\/p>\n<hr \/>\n<p>Lernziele Staatsratswahl: Die Lernenden<\/p>\n<ul>\n<li>wissen, dass der Staatsrat die\u00a0 Regierung (Exekutive) verk\u00f6rpert<\/li>\n<li>kennen die Aufgaben des Staatsrates<\/li>\n<li>kennen das Wahlsystem im Unterschied zur Wahl des Grossen Rates<\/li>\n<li>verstehen wie eine Mayorzwahlsystem\u00a0 funktioniert<\/li>\n<li>wissen wie sie abstimmen m\u00fcssen (namentliche Abstimmung)<\/li>\n<li>kennen das Prinzip des absoluten Mehr im 1. Wahlgang<\/li>\n<li>kennen das Prinzip des relativen Mehr im 2. Wahlgang<\/li>\n<\/ul>\n<p>Diese Fragen k\u00f6nnen mit dem folgenden Erkl\u00e4rvideo gel\u00f6st werden<\/p>\n<p><iframe loading=\"lazy\" title=\"Wahlen Kanton Freiburg: Staatsrat 7. November 2021\" width=\"688\" height=\"387\" src=\"https:\/\/www.youtube.com\/embed\/L7gk3BvQYqQ?start=133&#038;feature=oembed\" frameborder=\"0\" allow=\"accelerometer; autoplay; clipboard-write; encrypted-media; gyroscope; picture-in-picture\" allowfullscreen><\/iframe><\/p>\n<p>&nbsp;<\/p>\n<hr \/>\n<p>Infos zu den Parteien (aus FN: Grossrats-und Staatsratswahlen) gibt es hier:<\/p>\n<p><a href=\"https:\/\/abuchecker.ch\/abufri\/?attachment_id=2154\" rel=\"attachment wp-att-2154\"><img loading=\"lazy\" decoding=\"async\" class=\"alignnone size-thumbnail wp-image-2154\" src=\"https:\/\/abuchecker.ch\/abufri\/wp-content\/uploads\/2021\/10\/Image-1-150x150.jpg\" alt=\"\" width=\"150\" height=\"150\" \/><\/a><\/p>\n<p><span style=\"color: #008000;\"><a style=\"color: #008000;\" href=\"https:\/\/abuchecker.ch\/abufri\/wp-content\/uploads\/2021\/10\/Image-1.jpg\" target=\"_blank\" rel=\"noopener\">GLP<\/a><\/span><\/p>\n<hr \/>\n<p><a href=\"https:\/\/abuchecker.ch\/abufri\/?attachment_id=2155\" rel=\"attachment wp-att-2155\"><img loading=\"lazy\" decoding=\"async\" class=\"alignnone size-thumbnail wp-image-2155\" src=\"https:\/\/abuchecker.ch\/abufri\/wp-content\/uploads\/2021\/10\/Image-1-1-150x150.jpg\" alt=\"\" width=\"150\" height=\"150\" \/><\/a><\/p>\n<p><span style=\"color: #008000;\"><a style=\"color: #008000;\" href=\"https:\/\/abuchecker.ch\/abufri\/wp-content\/uploads\/2021\/10\/Image-1-1.jpg\" target=\"_blank\" rel=\"noopener\">Gr\u00fcne<\/a><\/span><\/p>\n<hr \/>\n<p><a href=\"https:\/\/abuchecker.ch\/abufri\/?attachment_id=2156\" rel=\"attachment wp-att-2156\"><img loading=\"lazy\" decoding=\"async\" class=\"alignnone size-thumbnail wp-image-2156\" src=\"https:\/\/abuchecker.ch\/abufri\/wp-content\/uploads\/2021\/10\/Image-1-2-150x150.jpg\" alt=\"\" width=\"150\" height=\"150\" \/><\/a><\/p>\n<p><span style=\"color: #008000;\"><a style=\"color: #008000;\" href=\"https:\/\/abuchecker.ch\/abufri\/wp-content\/uploads\/2021\/10\/Image-1-2.jpg\" target=\"_blank\" rel=\"noopener\">SVP<\/a><\/span><\/p>\n<hr \/>\n<p>&nbsp;<\/p>\n","protected":false},"excerpt":{"rendered":"<p>Alle 5 Jahre werden die Oberamtspersonen, Mitglieder des Grossen Rates und des Staatsrates des Kanton Freiburgs neu gew\u00e4hlt. Die Abstimmung&hellip;<\/p>\n","protected":false},"author":1,"featured_media":0,"comment_status":"open","ping_status":"open","sticky":false,"template":"","format":"standard","meta":{"footnotes":""},"categories":[2,3,242,243,201,202],"tags":[241,240,239],"class_list":["post-2150","post","type-post","status-publish","format-standard","hentry","category-1-lehrjahr","category-2-lehrjahr","category-aktualitaet_politische-mitbestimmung","category-aktualitaet_politische-mitbestimmung-unterrichtsvorlagen-1-lehrjahr","category-unterrichtsvorlagen-1-lehrjahr","category-unterrichtsvorlagen-2-lehrjahr","tag-grossratswahlen","tag-staatsratswahlen","tag-wahlen"],"_links":{"self":[{"href":"https:\/\/abuchecker.ch\/abufri\/index.php?rest_route=\/wp\/v2\/posts\/2150","targetHints":{"allow":["GET"]}}],"collection":[{"href":"https:\/\/abuchecker.ch\/abufri\/index.php?rest_route=\/wp\/v2\/posts"}],"about":[{"href":"https:\/\/abuchecker.ch\/abufri\/index.php?rest_route=\/wp\/v2\/types\/post"}],"author":[{"embeddable":true,"href":"https:\/\/abuchecker.ch\/abufri\/index.php?rest_route=\/wp\/v2\/users\/1"}],"replies":[{"embeddable":true,"href":"https:\/\/abuchecker.ch\/abufri\/index.php?rest_route=%2Fwp%2Fv2%2Fcomments&post=2150"}],"version-history":[{"count":3,"href":"https:\/\/abuchecker.ch\/abufri\/index.php?rest_route=\/wp\/v2\/posts\/2150\/revisions"}],"predecessor-version":[{"id":2160,"href":"https:\/\/abuchecker.ch\/abufri\/index.php?rest_route=\/wp\/v2\/posts\/2150\/revisions\/2160"}],"wp:attachment":[{"href":"https:\/\/abuchecker.ch\/abufri\/index.php?rest_route=%2Fwp%2Fv2%2Fmedia&parent=2150"}],"wp:term":[{"taxonomy":"category","embeddable":true,"href":"https:\/\/abuchecker.ch\/abufri\/index.php?rest_route=%2Fwp%2Fv2%2Fcategories&post=2150"},{"taxonomy":"post_tag","embeddable":true,"href":"https:\/\/abuchecker.ch\/abufri\/index.php?rest_route=%2Fwp%2Fv2%2Ftags&post=2150"}],"curies":[{"name":"wp","href":"https:\/\/api.w.org\/{rel}","templated":true}]}}