{"id":2059,"date":"2021-07-06T08:16:05","date_gmt":"2021-07-06T08:16:05","guid":{"rendered":"http:\/\/abuchecker.ch\/abufri\/?p=2059"},"modified":"2021-10-07T09:21:40","modified_gmt":"2021-10-07T09:21:40","slug":"myidea-mit-den-lernenden-unternehmerisches-denken-und-handel-nachhaltig-foerdern","status":"publish","type":"post","link":"https:\/\/abuchecker.ch\/abufri\/?p=2059","title":{"rendered":"Myidea &#8211; Mit den Lernenden unternehmerisches Denken und Handel nachhaltig f\u00f6rdern"},"content":{"rendered":"<h6><img loading=\"lazy\" decoding=\"async\" class=\"wp-image-2055 alignleft\" src=\"https:\/\/abuchecker.ch\/abufri\/wp-content\/uploads\/2021\/07\/myidea-150x150.png\" alt=\"\" width=\"177\" height=\"177\" \/>Unternehmerisches Denken und Handeln (<span style=\"color: #008000;\"><a style=\"color: #008000;\" href=\"https:\/\/www.myidea.ch\/projekt\" target=\"_blank\" rel=\"noopener\">myidea.ch<\/a><\/span>)<\/h6>\n<p class=\"hero-paragraph\">an Berufsfachschulen der Schweiz: \u00d6konomische, soziale und ethische Dimensionen<\/p>\n<p>&nbsp;<\/p>\n<p>&nbsp;<\/p>\n<p class=\"hero-paragraph\"><strong>Was ist das Projekt UDH?\u00a0<\/strong><\/p>\n<p class=\"hero-paragraph\">Das Pilotprojekt \u00abUnternehmerisches Denken und Handeln an Berufsfachschulen der Schweiz\u00bb (UDH) setzt sich daf\u00fcr ein, dass alle Berufslernenden die Chance haben, sich unternehmerische Kompetenzen anzueignen. Ziel des Pilotprojektes ist die systematische Verankerung von unternehmerischem Denken und Handeln in der beruflichen Grundbildung. Lehrpersonen profitieren v. verschiedenen Lernmodulen, welche mit Powerpoint-Pr\u00e4sentationen, Slides und Kurzfilmen mit der Klasse bearbeitet werden k\u00f6nnen. So wird z.B. in <strong>Modul<\/strong> <strong>1<\/strong> ein erster \u00dcberblick \u00fcber die Phasen einer Unternehmensgr\u00fcndung vorgestellt. Anschliessend werden mit\u00a0 verschiedener Kreativit\u00e4tstechniken erste Gesch\u00e4ftsideen entwickelt. Siehe konkrete Beispiele unten:<\/p>\n<p>Nachhaltige Wunderb\u00e4ume aus Holz (BBZ Schaffhausen)<\/p>\n<p><iframe loading=\"lazy\" class=\"wp-embedded-content\" sandbox=\"allow-scripts\" security=\"restricted\" title=\"Scent3\" width=\"384\" height=\"216\" src=\"https:\/\/www.nanoo.tv\/link\/n\/bMDCbYoE#?secret=hT1JW3L2mZ\" data-secret=\"hT1JW3L2mZ\" frameborder=\"0\" scrolling=\"no\"><\/iframe><\/p>\n<p>Igelbauten (BBZ Olten)<\/p>\n<p><iframe loading=\"lazy\" class=\"wp-embedded-content\" sandbox=\"allow-scripts\" security=\"restricted\" title=\"Igel-Bauten\" width=\"384\" height=\"216\" src=\"https:\/\/www.nanoo.tv\/link\/n\/rkziaEgY#?secret=vd1CsRcP39\" data-secret=\"vd1CsRcP39\" frameborder=\"0\" scrolling=\"no\"><\/iframe><\/p>\n<hr \/>\n<h6><span style=\"color: #008000;\"><a style=\"color: #008000;\" href=\"https:\/\/abuchecker.ch\/abufri\/?attachment_id=2057\" target=\"_blank\" rel=\"attachment noopener wp-att-2057\">Modul 1: <\/a>Ziele dieses Moduls<\/span><\/h6>\n<p class=\"paragraph-5\">Du bekommst einen ersten \u00dcberblick \u00fcber die Phasen einer Unternehmensgr\u00fcndung. Anschliessend generieren du in der Klasse mithilfe verschiedener Kreativit\u00e4tstechniken erste Gesch\u00e4ftsideen. Diese werden in Zweierteams weiterentwickelt.<\/p>\n<ul class=\"list-3-padding-oben\" role=\"list\">\n<li class=\"list-item-4\">die Phasen der Unternehmensgr\u00fcndung erkl\u00e4ren und die wichtigsten Aktivit\u00e4ten einer Unternehmensgr\u00fcndung erl\u00e4utern.<\/li>\n<li class=\"list-item-4\">erste Gesch\u00e4ftsideen generieren und diese im Laufe des Programms weiter ausarbeiten.<\/li>\n<li class=\"list-item-4\">Gesch\u00e4ftsideen anhand vorgegebener Kriterien beurteilen und eigene Kriterien zur Beurteilung von Gesch\u00e4ftsideen erarbeiten.<\/li>\n<li class=\"list-item-4\">auf der Basis gemeinsamer Interessen einen Teampartner\/eine Teampartnerin finden und die weitere Arbeit organisieren.<\/li>\n<li class=\"list-item-4\">mit meinem Teampartner\/meiner Teampartnerin ein Logo f\u00fcr unsere Gesch\u00e4ftsidee entwickeln.<\/li>\n<\/ul>\n<h6><\/h6>\n","protected":false},"excerpt":{"rendered":"<p>Unternehmerisches Denken und Handeln (myidea.ch) an Berufsfachschulen der Schweiz: \u00d6konomische, soziale und ethische Dimensionen &nbsp; &nbsp; Was ist das Projekt&hellip;<\/p>\n","protected":false},"author":1,"featured_media":0,"comment_status":"open","ping_status":"open","sticky":false,"template":"","format":"standard","meta":{"footnotes":""},"categories":[228,229,201,202],"tags":[235],"class_list":["post-2059","post","type-post","status-publish","format-standard","hentry","category-geld-und-konsum","category-geld-und-konsum-unterrichtsvorlagen-1-lehrjahr","category-unterrichtsvorlagen-1-lehrjahr","category-unterrichtsvorlagen-2-lehrjahr","tag-fixe-und-variable-kosten"],"_links":{"self":[{"href":"https:\/\/abuchecker.ch\/abufri\/index.php?rest_route=\/wp\/v2\/posts\/2059","targetHints":{"allow":["GET"]}}],"collection":[{"href":"https:\/\/abuchecker.ch\/abufri\/index.php?rest_route=\/wp\/v2\/posts"}],"about":[{"href":"https:\/\/abuchecker.ch\/abufri\/index.php?rest_route=\/wp\/v2\/types\/post"}],"author":[{"embeddable":true,"href":"https:\/\/abuchecker.ch\/abufri\/index.php?rest_route=\/wp\/v2\/users\/1"}],"replies":[{"embeddable":true,"href":"https:\/\/abuchecker.ch\/abufri\/index.php?rest_route=%2Fwp%2Fv2%2Fcomments&post=2059"}],"version-history":[{"count":10,"href":"https:\/\/abuchecker.ch\/abufri\/index.php?rest_route=\/wp\/v2\/posts\/2059\/revisions"}],"predecessor-version":[{"id":2069,"href":"https:\/\/abuchecker.ch\/abufri\/index.php?rest_route=\/wp\/v2\/posts\/2059\/revisions\/2069"}],"wp:attachment":[{"href":"https:\/\/abuchecker.ch\/abufri\/index.php?rest_route=%2Fwp%2Fv2%2Fmedia&parent=2059"}],"wp:term":[{"taxonomy":"category","embeddable":true,"href":"https:\/\/abuchecker.ch\/abufri\/index.php?rest_route=%2Fwp%2Fv2%2Fcategories&post=2059"},{"taxonomy":"post_tag","embeddable":true,"href":"https:\/\/abuchecker.ch\/abufri\/index.php?rest_route=%2Fwp%2Fv2%2Ftags&post=2059"}],"curies":[{"name":"wp","href":"https:\/\/api.w.org\/{rel}","templated":true}]}}