{"id":202,"date":"2017-09-08T14:19:19","date_gmt":"2017-09-08T14:19:19","guid":{"rendered":"https:\/\/abufri.wordpress.com\/?p=202"},"modified":"2019-09-11T07:10:10","modified_gmt":"2019-09-11T07:10:10","slug":"jugend-debattiert-zu-rentenreformahv-ernaehrungssicherheit","status":"publish","type":"post","link":"https:\/\/abuchecker.ch\/abufri\/?p=202","title":{"rendered":"Jugend debattiert zu  Rentenreform\/AHV Zusatzfinanzierung  &#038;  Ern\u00e4hrungssicherheit"},"content":{"rendered":"<p>Mit den Themendossiers zu Abstimmungsvorlagen und aktuellen Themen lernen Sch\u00fclerinnen und Sch\u00fclern exemplarisch aus Positionspapieren Argumente zu recherchieren und einzuordnen. Die ideale Vorbereitung f\u00fcr eine Debatte und die Entwicklung der individuellen Meinungsbildung.<\/p>\n<p><a href=\"http:\/\/www.jugenddebattiert.ch\/722466\/Newsletter-September-2017\/newsletter.aspx\" target=\"_blank\" rel=\"noopener noreferrer\">Jugend debattiert <\/a><\/p>\n","protected":false},"excerpt":{"rendered":"<p>Mit den Themendossiers zu Abstimmungsvorlagen und aktuellen Themen lernen Sch\u00fclerinnen und Sch\u00fclern exemplarisch aus Positionspapieren Argumente zu recherchieren und einzuordnen.&hellip;<\/p>\n","protected":false},"author":1,"featured_media":206,"comment_status":"open","ping_status":"open","sticky":false,"template":"","format":"standard","meta":{"footnotes":""},"categories":[3,4,14,31,35,36],"tags":[50,76,87,97,106,133],"class_list":["post-202","post","type-post","status-publish","format-standard","has-post-thumbnail","hentry","category-2-lehrjahr","category-3-lehrjahr","category-demokratie","category-politik_meinungsbildung","category-sprache-und-kommunikation","category-sprache_debattieren","tag-ahv","tag-debatte","tag-ernaehrung","tag-gegenvorschlag","tag-initiative","tag-rente"],"_links":{"self":[{"href":"https:\/\/abuchecker.ch\/abufri\/index.php?rest_route=\/wp\/v2\/posts\/202","targetHints":{"allow":["GET"]}}],"collection":[{"href":"https:\/\/abuchecker.ch\/abufri\/index.php?rest_route=\/wp\/v2\/posts"}],"about":[{"href":"https:\/\/abuchecker.ch\/abufri\/index.php?rest_route=\/wp\/v2\/types\/post"}],"author":[{"embeddable":true,"href":"https:\/\/abuchecker.ch\/abufri\/index.php?rest_route=\/wp\/v2\/users\/1"}],"replies":[{"embeddable":true,"href":"https:\/\/abuchecker.ch\/abufri\/index.php?rest_route=%2Fwp%2Fv2%2Fcomments&post=202"}],"version-history":[{"count":1,"href":"https:\/\/abuchecker.ch\/abufri\/index.php?rest_route=\/wp\/v2\/posts\/202\/revisions"}],"predecessor-version":[{"id":908,"href":"https:\/\/abuchecker.ch\/abufri\/index.php?rest_route=\/wp\/v2\/posts\/202\/revisions\/908"}],"wp:featuredmedia":[{"embeddable":true,"href":"https:\/\/abuchecker.ch\/abufri\/index.php?rest_route=\/wp\/v2\/media\/206"}],"wp:attachment":[{"href":"https:\/\/abuchecker.ch\/abufri\/index.php?rest_route=%2Fwp%2Fv2%2Fmedia&parent=202"}],"wp:term":[{"taxonomy":"category","embeddable":true,"href":"https:\/\/abuchecker.ch\/abufri\/index.php?rest_route=%2Fwp%2Fv2%2Fcategories&post=202"},{"taxonomy":"post_tag","embeddable":true,"href":"https:\/\/abuchecker.ch\/abufri\/index.php?rest_route=%2Fwp%2Fv2%2Ftags&post=202"}],"curies":[{"name":"wp","href":"https:\/\/api.w.org\/{rel}","templated":true}]}}