{"id":1996,"date":"2021-03-24T10:54:14","date_gmt":"2021-03-24T10:54:14","guid":{"rendered":"http:\/\/abuchecker.ch\/abufri\/?p=1996"},"modified":"2021-03-24T10:54:14","modified_gmt":"2021-03-24T10:54:14","slug":"der-blick-des-andern","status":"publish","type":"post","link":"https:\/\/abuchecker.ch\/abufri\/?p=1996","title":{"rendered":"Der Blick des Andern"},"content":{"rendered":"<h6><span style=\"color: #008000;\"><a style=\"color: #008000;\" href=\"https:\/\/vimeo.com\/224621836\" target=\"_blank\" rel=\"attachment noopener wp-att-1994\">Der Blick des Andern 2020 <span style=\"color: #008000;\">(Passwort: COMI_2017$ ; Deutsche Untertitel unten rechts mit Klick auf CC )<\/span><\/a><\/span><\/h6>\n<hr \/>\n<h6>Ein Film (25 Min.)\u00a0 zum Thema Rassismus v. der Fachstelle f\u00fcr die Integration der Migrantinnen und Migranten und f\u00fcr Rassismuspr\u00e4vention IMR.<\/h6>\n<h6>Folgende Themen werden mit AB behandelt (siehe Begleitmaterial: <span style=\"color: #008000;\"><a style=\"color: #008000;\" href=\"https:\/\/abuchecker.ch\/abufri\/?attachment_id=1994\" target=\"_blank\" rel=\"attachment noopener wp-att-1994\">Der Blick des Andern 2020<\/a><span style=\"color: #000000;\">)<\/span><\/span><\/h6>\n<ul>\n<li><span style=\"color: #000000;\">Mein Blick auf Andere: Rassismus und Diskriminierung<\/span><\/li>\n<li><span style=\"color: #000000;\"> Stereotype und Vorurteile<\/span><\/li>\n<li><span style=\"color: #000000;\"> Humor <\/span><\/li>\n<li><span style=\"color: #000000;\">Empowerment und Zivilcourage <\/span><\/li>\n<\/ul>\n<h6>Ziele Lernende:<\/h6>\n<ul>\n<li><span style=\"color: #000000;\">Die Sch\u00fclerInnen vertiefen bestimmte Aspekte des Films mit einem Fragebogen oder mit einer Diskussion \u00fcber bestimmte Themen in Anwesenheit des Regisseurs. <\/span><\/li>\n<li><span style=\"color: #000000;\">Die Sch\u00fclerInnen erz\u00e4hlen, welche Gef\u00fchle der Film bei ihnen ausgel\u00f6st hat.<\/span><\/li>\n<li><span style=\"color: #000000;\"> Die Sch\u00fclerInnen denken \u00fcber ihr eigenes Verhalten in \u00e4hnlichen Situationen nach.<\/span><\/li>\n<\/ul>\n<p>&nbsp;<\/p>\n<p>&nbsp;<\/p>\n","protected":false},"excerpt":{"rendered":"<p>Der Blick des Andern 2020 (Passwort: COMI_2017$ ; Deutsche Untertitel unten rechts mit Klick auf CC ) Ein Film (25&hellip;<\/p>\n","protected":false},"author":1,"featured_media":0,"comment_status":"open","ping_status":"open","sticky":false,"template":"","format":"standard","meta":{"footnotes":""},"categories":[20,28],"tags":[222],"class_list":["post-1996","post","type-post","status-publish","format-standard","hentry","category-film","category-migration","tag-rassismus"],"_links":{"self":[{"href":"https:\/\/abuchecker.ch\/abufri\/index.php?rest_route=\/wp\/v2\/posts\/1996","targetHints":{"allow":["GET"]}}],"collection":[{"href":"https:\/\/abuchecker.ch\/abufri\/index.php?rest_route=\/wp\/v2\/posts"}],"about":[{"href":"https:\/\/abuchecker.ch\/abufri\/index.php?rest_route=\/wp\/v2\/types\/post"}],"author":[{"embeddable":true,"href":"https:\/\/abuchecker.ch\/abufri\/index.php?rest_route=\/wp\/v2\/users\/1"}],"replies":[{"embeddable":true,"href":"https:\/\/abuchecker.ch\/abufri\/index.php?rest_route=%2Fwp%2Fv2%2Fcomments&post=1996"}],"version-history":[{"count":1,"href":"https:\/\/abuchecker.ch\/abufri\/index.php?rest_route=\/wp\/v2\/posts\/1996\/revisions"}],"predecessor-version":[{"id":1997,"href":"https:\/\/abuchecker.ch\/abufri\/index.php?rest_route=\/wp\/v2\/posts\/1996\/revisions\/1997"}],"wp:attachment":[{"href":"https:\/\/abuchecker.ch\/abufri\/index.php?rest_route=%2Fwp%2Fv2%2Fmedia&parent=1996"}],"wp:term":[{"taxonomy":"category","embeddable":true,"href":"https:\/\/abuchecker.ch\/abufri\/index.php?rest_route=%2Fwp%2Fv2%2Fcategories&post=1996"},{"taxonomy":"post_tag","embeddable":true,"href":"https:\/\/abuchecker.ch\/abufri\/index.php?rest_route=%2Fwp%2Fv2%2Ftags&post=1996"}],"curies":[{"name":"wp","href":"https:\/\/api.w.org\/{rel}","templated":true}]}}