{"id":1941,"date":"2021-02-02T13:12:45","date_gmt":"2021-02-02T13:12:45","guid":{"rendered":"http:\/\/abuchecker.ch\/abufri\/?p=1941"},"modified":"2021-02-03T10:24:18","modified_gmt":"2021-02-03T10:24:18","slug":"dureschnufe-plattform-fuer-psychische-gesundheit-rund-um-das-neue-coronavirus","status":"publish","type":"post","link":"https:\/\/abuchecker.ch\/abufri\/?p=1941","title":{"rendered":"dureschnufe &#8211; Plattform f\u00fcr psychische Gesundheit rund um das neue Coronavirus"},"content":{"rendered":"<p><span style=\"color: #008000;\"><a style=\"color: #008000;\" href=\"https:\/\/abuchecker.ch\/abufri\/?attachment_id=1945\" rel=\"attachment wp-att-1945\"><img loading=\"lazy\" decoding=\"async\" class=\"size-thumbnail wp-image-1945 alignleft\" src=\"https:\/\/abuchecker.ch\/abufri\/wp-content\/uploads\/2021\/02\/index-150x150.png\" alt=\"\" width=\"150\" height=\"150\" \/><\/a>D\u00fcrschnufe u zu sich gugge<a style=\"font-family: Oswald, sans-serif; font-size: 1.625rem; font-weight: 300; text-transform: uppercase; background-color: white; color: #008000;\" href=\"https:\/\/dureschnufe.ch\/\" target=\"_blank\" rel=\"noopener\"><span class=\"s1\">\u00a0 <\/span><\/a><\/span><\/p>\n<p><span style=\"color: #000000;\"><a style=\"color: #000000;\" href=\"https:\/\/dureschnufe.ch\/\" target=\"_blank\" rel=\"noopener\">Wir wissen momentan alle nicht, wie sich die kommenden Monate entwickeln und wie wir die Einschr\u00e4nkungen unse<\/a><a style=\"color: #000000;\" href=\"https:\/\/dureschnufe.ch\/\" target=\"_blank\" rel=\"noopener\">res Alltagslebens meistern. Wie du gerade jetzt deine psychische Gesundheit pflegen kannst, siehst du anhand der Tipps der Kampagne \u00ab10 Schritte f\u00fcr die psychischen Gesundheit\u00bb. <\/a><a style=\"color: #000000;\" href=\"https:\/\/dureschnufe.ch\/\" target=\"_blank\" rel=\"noopener\">Finde hier viele Tipps und Angebote, um deine psychische Gesundheit zu pflegen.<\/a><\/span><\/p>\n<h5><span style=\"color: #008000;\"><a style=\"color: #008000;\" href=\"https:\/\/dureschnufe.ch\/psychisch-gesund-bleiben\/\" target=\"_blank\" rel=\"noopener\">Psyschisch gesund bleiben<\/a><\/span><\/h5>\n<p>Tipps zur Pflege meiner psychischen Gesundheit gerade in der aussergew\u00f6hnlichen Zeit w\u00e4hrend des Coronavirus.<\/p>\n<hr \/>\n<h5><span style=\"color: #008000;\"><a style=\"color: #008000;\" href=\"https:\/\/dureschnufe.ch\/aengste-und-sorgen\/\">\u00c4ngste und Sorgen<\/a><\/span><\/h5>\n<p>Hier findest du Tipps und Anregungen, wie du deine eigene Strategie im Umgang mit deinen \u00c4ngsten finden kannst<\/p>\n<hr \/>\n<h5><a href=\"https:\/\/dureschnufe.ch\/drueber-reden\/\" target=\"_blank\" rel=\"noopener\"><span style=\"color: #008000;\">Reden hilft<\/span><\/a><\/h5>\n<p>\u00dcber Probleme, \u00c4ngste und negative Gef\u00fchle zu reden, ist der erste Schritt zur Besserung. Tust du nichts, werden die Sorgen immer dr\u00e4ngender, und du kannst ernsthaft krank werden. Es ist darum wichtig, dar\u00fcber zu reden, wenn es dir nicht gut geht.<\/p>\n<hr \/>\n<p><img loading=\"lazy\" decoding=\"async\" class=\"alignleft\" src=\"https:\/\/api.qrserver.com\/v1\/create-qr-code\/?data=https%3A%2F%2Fabuchecker.ch%2Fabufri%2F%3Fp%3D1941&amp;size=220x220&amp;margin=0\" alt=\"Vorschau Ihres QR Code\" width=\"79\" height=\"79\" \/><\/p>\n","protected":false},"excerpt":{"rendered":"<p>D\u00fcrschnufe u zu sich gugge\u00a0 Wir wissen momentan alle nicht, wie sich die kommenden Monate entwickeln und wie wir die&hellip;<\/p>\n","protected":false},"author":1,"featured_media":0,"comment_status":"open","ping_status":"open","sticky":false,"template":"","format":"standard","meta":{"footnotes":""},"categories":[2,3,4,5,219,218],"tags":[220],"class_list":["post-1941","post","type-post","status-publish","format-standard","hentry","category-1-lehrjahr","category-2-lehrjahr","category-3-lehrjahr","category-4-lehrjahr","category-covid","category-gesundheit","tag-coronavirus"],"_links":{"self":[{"href":"https:\/\/abuchecker.ch\/abufri\/index.php?rest_route=\/wp\/v2\/posts\/1941","targetHints":{"allow":["GET"]}}],"collection":[{"href":"https:\/\/abuchecker.ch\/abufri\/index.php?rest_route=\/wp\/v2\/posts"}],"about":[{"href":"https:\/\/abuchecker.ch\/abufri\/index.php?rest_route=\/wp\/v2\/types\/post"}],"author":[{"embeddable":true,"href":"https:\/\/abuchecker.ch\/abufri\/index.php?rest_route=\/wp\/v2\/users\/1"}],"replies":[{"embeddable":true,"href":"https:\/\/abuchecker.ch\/abufri\/index.php?rest_route=%2Fwp%2Fv2%2Fcomments&post=1941"}],"version-history":[{"count":4,"href":"https:\/\/abuchecker.ch\/abufri\/index.php?rest_route=\/wp\/v2\/posts\/1941\/revisions"}],"predecessor-version":[{"id":1946,"href":"https:\/\/abuchecker.ch\/abufri\/index.php?rest_route=\/wp\/v2\/posts\/1941\/revisions\/1946"}],"wp:attachment":[{"href":"https:\/\/abuchecker.ch\/abufri\/index.php?rest_route=%2Fwp%2Fv2%2Fmedia&parent=1941"}],"wp:term":[{"taxonomy":"category","embeddable":true,"href":"https:\/\/abuchecker.ch\/abufri\/index.php?rest_route=%2Fwp%2Fv2%2Fcategories&post=1941"},{"taxonomy":"post_tag","embeddable":true,"href":"https:\/\/abuchecker.ch\/abufri\/index.php?rest_route=%2Fwp%2Fv2%2Ftags&post=1941"}],"curies":[{"name":"wp","href":"https:\/\/api.w.org\/{rel}","templated":true}]}}