{"id":1804,"date":"2020-11-11T10:42:33","date_gmt":"2020-11-11T10:42:33","guid":{"rendered":"http:\/\/abuchecker.ch\/abufri\/?p=1804"},"modified":"2020-11-11T10:56:50","modified_gmt":"2020-11-11T10:56:50","slug":"scheisse-gebaut-der-jugendrechtspodcast","status":"publish","type":"post","link":"https:\/\/abuchecker.ch\/abufri\/?p=1804","title":{"rendered":"Scheisse gebaut? Der Jugendrechtspodcast"},"content":{"rendered":"<h4><a href=\"https:\/\/podcast.jugendrecht.org\/folge-20-zwischen-den-fronten-schulabsentismus\/\"><img loading=\"lazy\" decoding=\"async\" class=\"attachment-twentyseventeen-featured-image wp-post-image alignleft\" src=\"https:\/\/podcast.jugendrecht.org\/wp-content\/uploads\/2020\/01\/cover-klein.png\" sizes=\"auto, (max-width: 767px) 89vw, (max-width: 1000px) 54vw, (max-width: 1071px) 543px, 580px\" srcset=\"https:\/\/podcast.jugendrecht.org\/wp-content\/uploads\/2020\/01\/cover-klein.png 300w, https:\/\/podcast.jugendrecht.org\/wp-content\/uploads\/2020\/01\/cover-klein-150x150.png 150w, https:\/\/podcast.jugendrecht.org\/wp-content\/uploads\/2020\/01\/cover-klein-100x100.png 100w\" alt=\"\" width=\"158\" height=\"158\" \/><\/a><\/h4>\n<h4>Dieser <a href=\"https:\/\/podcast.jugendrecht.org\/podcast\/\">Podcast<\/a> interessiert sich\u00a0 f\u00fcr Jugendkriminalit\u00e4t und Jugendstrafrecht. Das hat einen einfachen Grund: <strong>Maria<\/strong>. Sie ist Jugendrichterin in einer deutschen Gro\u00dfstadt und erz\u00e4hlt\u00a0 t\u00e4glich von ihrer Arbeit. Die Folge 20 unten erz\u00e4ht zum Beispiel von Schulabsenzen und ihren Folgen. Das Besprechen der jugendlichen Fallbeispiele wird manchmal mit interviews v. strafverteidigern oder richter erg\u00e4nzt. Im vergleich mit dem schweizer jugendstrafrecht ist dies sehr interessant!<\/h4>\n<div id=\"primary\" class=\"content-area\">\n<p>&nbsp;<\/p>\n<article id=\"post-383\" class=\"post-383 podcast type-podcast status-publish has-post-thumbnail hentry tag-jugendkriminalitaet tag-jugendliche tag-jugendrecht tag-jugendrichterin tag-justiz tag-kriminologie tag-schulabsentismus tag-schulschwaenzen post\">\n<header class=\"entry-header\">\n<h2 class=\"entry-title\"><a href=\"https:\/\/podcast.jugendrecht.org\/folge-20-zwischen-den-fronten-schulabsentismus\/\" rel=\"bookmark\">Folge 20: Zwischen den Fronten \u2013 Schulabsentismus<\/a><\/h2>\n<\/header>\n<div class=\"post-thumbnail\">\n<h4>Fall: Schulschw\u00e4nzen kann zu Ordnungsgeldern f\u00fchren und nicht selten landen deshalb F\u00e4lle beim Jugendgericht. Ist das eigentlich sinnvoll? Ist Schulschw\u00e4nzen in gewissem Umfang nicht sogar normal? Was sind m\u00f6gliche Hintergr\u00fcnde f\u00fcr Schulabsentismus? Sind die Sanktionen der Jugendgerichte und Schulen sinnvoll und wurde auch im Hause Jugendrecht eigentlich mal geschw\u00e4nzt?<\/h4>\n<\/div>\n<h4>&gt; Mit <a href=\"https:\/\/abuchecker.ch\/abufri\/wp-content\/uploads\/2020\/11\/Jugendstrafrecht_Potcast_Lo\u0308sungen.docx\">AB<\/a> <a href=\"https:\/\/abuchecker.ch\/abufri\/wp-content\/uploads\/2020\/11\/Jugendstrafrecht_Potcast_Lo\u0308sungen.docx\" rel=\"attachment wp-att-1807\">Jugendstrafrecht_Potcast_Lo\u0308sungen <\/a>f\u00fcr Unterricht (Merci Christian)<\/h4>\n<h3><\/h3>\n<h3 class=\"entry-content\">Weitere Folgen sind: (anklicken!)<\/h3>\n<h3 class=\"entry-content\"><span style=\"color: #000000;\"><a style=\"color: #000000;\" href=\"https:\/\/podcast.jugendrecht.org\/folge-19-alter-krieg-den-arsch-hoch-kommunikation-im-jugendstrafrecht\/\" target=\"_parent\" rel=\"noopener noreferrer\" data-v-7301f094=\"\" data-test=\"episode-title--link\">Folge 19: &#8222;Alter, krieg den Arsch hoch!&#8220; &#8211; Kommunikation im Jugendstrafrecht<\/a><\/span><\/h3>\n<h3 class=\"entry-content\"><span style=\"color: #000000;\"><a style=\"color: #000000;\" href=\"https:\/\/podcast.jugendrecht.org\/folge-18-in-dubio-pro-rechtsstaat\/\" target=\"_parent\" rel=\"noopener noreferrer\" data-v-7301f094=\"\" data-test=\"episode-title--link\">Folge 18: In dubio pro Rechtsstaat<\/a><\/span><\/h3>\n<h3 class=\"entry-content\"><span style=\"color: #000000;\"><a style=\"color: #000000;\" href=\"https:\/\/podcast.jugendrecht.org\/folge-17-eine-ansammlung-namens-idris\/\" target=\"_parent\" rel=\"noopener noreferrer\" data-v-7301f094=\"\" data-test=\"episode-title--link\">Folge 17: Eine Ansammlung namens Idris<\/a><\/span><\/h3>\n<h3 class=\"entry-content\"><span style=\"color: #000000;\"><a style=\"color: #000000;\" href=\"https:\/\/podcast.jugendrecht.org\/folge-16-frei-und-gleich-an-wuerde-migration-und-jugenddelinquenz\/\" rel=\"prev\">Folge 16: Frei und gleich an W\u00fcrde \u2013 Migration und Jugenddelinquenz<\/a><\/span><\/h3>\n<h4><span style=\"color: #000000;\"><a style=\"color: #000000;\" href=\"https:\/\/podcast.jugendrecht.org\/folge-15-zur-bewaehrung\/\" rel=\"prev\">Folge 15: Zur Bew\u00e4hrung<\/a><\/span><\/h4>\n<h3><span style=\"color: #000000;\"><a style=\"color: #000000;\" href=\"https:\/\/podcast.jugendrecht.org\/folge-14-was-beweisen-beweise\/\" rel=\"prev\"><span class=\"nav-title\">Folge 14: Was beweisen Beweise?<\/span><\/a><\/span><\/h3>\n<h3><span style=\"color: #000000;\"><a style=\"color: #000000;\" href=\"https:\/\/podcast.jugendrecht.org\/folge-13-die-verdammten-drogen\/\" rel=\"prev\"><span class=\"nav-title\">Folge 13: Die verdammten Drogen<\/span><\/a><\/span><\/h3>\n<h3><span style=\"color: #000000;\"><a style=\"color: #000000;\" href=\"https:\/\/podcast.jugendrecht.org\/folge-12-abgruende\/\" rel=\"prev\"><span class=\"nav-title\">Folge 12: Abgr\u00fcnde<\/span><\/a><\/span><\/h3>\n<h3><span style=\"color: #000000;\"><a style=\"color: #000000;\" href=\"https:\/\/podcast.jugendrecht.org\/folge-11-blutjunge-podcasthasen\/\" rel=\"prev\"><span class=\"nav-title\">Folge 11: Blutjunge Podcasthasen<\/span><\/a><\/span><\/h3>\n<h3><span style=\"color: #000000;\"><a style=\"color: #000000;\" href=\"https:\/\/podcast.jugendrecht.org\/folge-10-es-war-mord\/\" rel=\"prev\"><span class=\"nav-title\">Folge 10: Es war Mord!<\/span><\/a><\/span><\/h3>\n<h3><span style=\"color: #000000;\"><a style=\"color: #000000;\" href=\"https:\/\/podcast.jugendrecht.org\/folge-9-die-richterin-und-ihre-fehler\/\" rel=\"prev\"><span class=\"nav-title\">Folge 9: Die Richterin und ihre Fehler<\/span><\/a><\/span><\/h3>\n<h3><span style=\"color: #000000;\"><a style=\"color: #000000;\" href=\"https:\/\/podcast.jugendrecht.org\/folge-8-ist-die-prinzessin-befangen\/\" rel=\"prev\"><span class=\"nav-title\">Folge 8: Ist die Prinzessin befangen?<\/span><\/a><\/span><\/h3>\n<h3><span style=\"color: #000000;\"><a style=\"color: #000000;\" href=\"https:\/\/podcast.jugendrecht.org\/folge-7-tatjana-und-die-leistungserschleichung\/\" rel=\"prev\"><span class=\"nav-title\">Folge 7: Tatjana und die Leistungserschleichung<\/span><\/a><\/span><\/h3>\n<h3><span style=\"color: #000000;\"><a style=\"color: #000000;\" href=\"https:\/\/podcast.jugendrecht.org\/folge-6-corona-spezial\/\" rel=\"prev\"><span class=\"nav-title\">Folge 6: Corona-Spezial<\/span><\/a><\/span><\/h3>\n<h3><span style=\"color: #000000;\"><a style=\"color: #000000;\" href=\"https:\/\/podcast.jugendrecht.org\/folge-5-schreiben-statt-strafen\/\" rel=\"prev\"><span class=\"nav-title\">Folge 5: Schreiben statt Strafen<\/span><\/a><\/span><\/h3>\n<h3><span style=\"color: #000000;\"><a style=\"color: #000000;\" href=\"https:\/\/podcast.jugendrecht.org\/folge-4-fuer-alle-faelle-maria\/\" rel=\"prev\"><span class=\"nav-title\">Folge 4: F\u00fcr alle F\u00e4lle Maria<\/span><\/a><\/span><\/h3>\n<h3><span style=\"color: #000000;\"><a style=\"color: #000000;\" href=\"https:\/\/podcast.jugendrecht.org\/folge-3-kevin\/\" rel=\"prev\"><span class=\"nav-title\">Folge 3: Kevin<\/span><\/a><\/span><\/h3>\n<h3><span style=\"color: #000000;\"><a style=\"color: #000000;\" href=\"https:\/\/podcast.jugendrecht.org\/folge-2-schwere-straftaten-auch-bei-kindern-sanktionieren\/\" rel=\"prev\"><span class=\"nav-title\">Folge 2: Schwere Straftaten auch bei Kindern sanktionieren?<\/span><\/a><\/span><\/h3>\n<h3><span style=\"color: #000000;\"><a style=\"color: #000000;\" href=\"https:\/\/podcast.jugendrecht.org\/nullnummer\/\" rel=\"prev\"><span class=\"nav-title\">Nullnummer<\/span><\/a><\/span><\/h3>\n<p>&nbsp;<\/p>\n<div><\/div>\n<div><\/div>\n<div><\/div>\n<div><\/div>\n<div><\/div>\n<div><\/div>\n<\/article>\n<\/div>\n","protected":false},"excerpt":{"rendered":"<p>Dieser Podcast interessiert sich\u00a0 f\u00fcr Jugendkriminalit\u00e4t und Jugendstrafrecht. Das hat einen einfachen Grund: Maria. Sie ist Jugendrichterin in einer deutschen&hellip;<\/p>\n","protected":false},"author":1,"featured_media":1805,"comment_status":"open","ping_status":"open","sticky":false,"template":"","format":"standard","meta":{"footnotes":""},"categories":[3,194,33],"tags":[],"class_list":["post-1804","post","type-post","status-publish","format-standard","has-post-thumbnail","hentry","category-2-lehrjahr","category-jugendstrafrecht","category-recht"],"_links":{"self":[{"href":"https:\/\/abuchecker.ch\/abufri\/index.php?rest_route=\/wp\/v2\/posts\/1804","targetHints":{"allow":["GET"]}}],"collection":[{"href":"https:\/\/abuchecker.ch\/abufri\/index.php?rest_route=\/wp\/v2\/posts"}],"about":[{"href":"https:\/\/abuchecker.ch\/abufri\/index.php?rest_route=\/wp\/v2\/types\/post"}],"author":[{"embeddable":true,"href":"https:\/\/abuchecker.ch\/abufri\/index.php?rest_route=\/wp\/v2\/users\/1"}],"replies":[{"embeddable":true,"href":"https:\/\/abuchecker.ch\/abufri\/index.php?rest_route=%2Fwp%2Fv2%2Fcomments&post=1804"}],"version-history":[{"count":3,"href":"https:\/\/abuchecker.ch\/abufri\/index.php?rest_route=\/wp\/v2\/posts\/1804\/revisions"}],"predecessor-version":[{"id":1809,"href":"https:\/\/abuchecker.ch\/abufri\/index.php?rest_route=\/wp\/v2\/posts\/1804\/revisions\/1809"}],"wp:featuredmedia":[{"embeddable":true,"href":"https:\/\/abuchecker.ch\/abufri\/index.php?rest_route=\/wp\/v2\/media\/1805"}],"wp:attachment":[{"href":"https:\/\/abuchecker.ch\/abufri\/index.php?rest_route=%2Fwp%2Fv2%2Fmedia&parent=1804"}],"wp:term":[{"taxonomy":"category","embeddable":true,"href":"https:\/\/abuchecker.ch\/abufri\/index.php?rest_route=%2Fwp%2Fv2%2Fcategories&post=1804"},{"taxonomy":"post_tag","embeddable":true,"href":"https:\/\/abuchecker.ch\/abufri\/index.php?rest_route=%2Fwp%2Fv2%2Ftags&post=1804"}],"curies":[{"name":"wp","href":"https:\/\/api.w.org\/{rel}","templated":true}]}}