{"id":1798,"date":"2020-11-13T08:04:53","date_gmt":"2020-11-13T08:04:53","guid":{"rendered":"http:\/\/abuchecker.ch\/abufri\/?p=1798"},"modified":"2020-11-15T16:53:19","modified_gmt":"2020-11-15T16:53:19","slug":"konzernverantwortungsinitiative","status":"publish","type":"post","link":"https:\/\/abuchecker.ch\/abufri\/?p=1798","title":{"rendered":"Konzernverantwortungsinitiative"},"content":{"rendered":"<h5>Unterrichtsmaterial Konzernverantwortungsinitiative (Orell F\u00fcssli)<\/h5>\n<hr \/>\n<p>Orell F\u00fcssli bietet mit <a href=\"https:\/\/www.ofv.ch\/lernmedien\/unterrichtsmaterial\/news\/\">ImPuls<\/a> sehr abwechslungsreiche Unterrichtsmaterialien f\u00fcr den politischen Unterricht an. F\u00fcr die Konzernverantwortungsinitiative wird ein Dossier (Word und PDF) mit QR Codes angeboten. Die Lernenden recherchieren online aus Zeitungsartikel und bearbeiten Erkl\u00e4rvideos. Eine Dokumentarfilm (ca. 38 Min.) zeigt die Arbeit von Konzerne wie Lafarge-Holcim und Glencore.<\/p>\n<p>Das Dossier kann einfach gek\u00fcrzt werden. Oder ihr w\u00e4hlt einfach die Aufgaben aus, welche f\u00fcr euren Unterricht passend daherkommen.<\/p>\n<p><span style=\"color: #ff0000;\"><a style=\"color: #ff0000;\" href=\"https:\/\/abuchecker.ch\/abufri\/?attachment_id=1815\" rel=\"attachment wp-att-1815\">OFV_Aufgaben_Konzernverantwortung_2020-11-29 (Word)<\/a><\/span><\/p>\n<p><span style=\"color: #ff0000;\"><a style=\"color: #ff0000;\" href=\"https:\/\/abuchecker.ch\/abufri\/?attachment_id=1816\" rel=\"attachment wp-att-1816\">OFV_Aufgaben_Konzernverantwortung_2020-11-29<\/a><\/span><\/p>\n<p><a href=\"https:\/\/abuchecker.ch\/abufri\/?attachment_id=1817\" rel=\"attachment wp-att-1817\"><span style=\"color: #ff0000;\">OFV_L\u00f6sungen_Konzernverantwortung_2020-11-29<\/span><\/a><\/p>\n<hr \/>\n<h5>Internationaler Trend<\/h5>\n<p>Die Schweizer Wirtschaft wehrt sich mehrheitlich gegen die Konzernverantwortungsinitiative. Dabei entspricht es einem internationalen Trend, Konzerne bei der Einhaltung von Menschenrechten und Umweltstandards in die Pflicht zu nehmen. Frankreich und die Niederlande haben bereits Gesetze mit \u00e4hnlichen Zielen. In Deutschland, D\u00e4nemark und auf EU-Ebene sind entsprechende Gesetze in Ausarbeitung. In Grossbritannien k\u00f6nnen Konzerne schon heute vor Gericht zur Rechenschaft gezogen werden.<\/p>\n<h5>Wie es andere L\u00e4nder machen<\/h5>\n<p>Die folgende<span style=\"color: #ff0000;\"> <a style=\"color: #ff0000;\" href=\"https:\/\/www.srf.ch\/play\/tv\/eco\/video\/konzernverantwortungsinitiative---wie-es-andere-laender-machen?urn=urn:srf:video:d74d7e17-7e29-45ac-ac92-76e9b988d8ec\">Sendung von ECO<\/a> <\/span>zeigt in 10 Min.( ab Beginn )\u00a0 wie es andere L\u00e4nder machen.<\/p>\n<div><\/div>\n<div><\/div>\n<div><\/div>\n<div class=\"_Entity _EType_OWALinkPreview _EId_OWALinkPreview _EReadonly_1\" contenteditable=\"false\"><\/div>\n","protected":false},"excerpt":{"rendered":"<p>Unterrichtsmaterial Konzernverantwortungsinitiative (Orell F\u00fcssli) Orell F\u00fcssli bietet mit ImPuls sehr abwechslungsreiche Unterrichtsmaterialien f\u00fcr den politischen Unterricht an. F\u00fcr die Konzernverantwortungsinitiative&hellip;<\/p>\n","protected":false},"author":1,"featured_media":1818,"comment_status":"open","ping_status":"open","sticky":false,"template":"","format":"standard","meta":{"footnotes":""},"categories":[182,196,1,183],"tags":[106],"class_list":["post-1798","post","type-post","status-publish","format-standard","has-post-thumbnail","hentry","category-abstimmungen","category-globalisierung","category-uncategorized","category-unterrichtsmaterial","tag-initiative"],"_links":{"self":[{"href":"https:\/\/abuchecker.ch\/abufri\/index.php?rest_route=\/wp\/v2\/posts\/1798","targetHints":{"allow":["GET"]}}],"collection":[{"href":"https:\/\/abuchecker.ch\/abufri\/index.php?rest_route=\/wp\/v2\/posts"}],"about":[{"href":"https:\/\/abuchecker.ch\/abufri\/index.php?rest_route=\/wp\/v2\/types\/post"}],"author":[{"embeddable":true,"href":"https:\/\/abuchecker.ch\/abufri\/index.php?rest_route=\/wp\/v2\/users\/1"}],"replies":[{"embeddable":true,"href":"https:\/\/abuchecker.ch\/abufri\/index.php?rest_route=%2Fwp%2Fv2%2Fcomments&post=1798"}],"version-history":[{"count":4,"href":"https:\/\/abuchecker.ch\/abufri\/index.php?rest_route=\/wp\/v2\/posts\/1798\/revisions"}],"predecessor-version":[{"id":1821,"href":"https:\/\/abuchecker.ch\/abufri\/index.php?rest_route=\/wp\/v2\/posts\/1798\/revisions\/1821"}],"wp:featuredmedia":[{"embeddable":true,"href":"https:\/\/abuchecker.ch\/abufri\/index.php?rest_route=\/wp\/v2\/media\/1818"}],"wp:attachment":[{"href":"https:\/\/abuchecker.ch\/abufri\/index.php?rest_route=%2Fwp%2Fv2%2Fmedia&parent=1798"}],"wp:term":[{"taxonomy":"category","embeddable":true,"href":"https:\/\/abuchecker.ch\/abufri\/index.php?rest_route=%2Fwp%2Fv2%2Fcategories&post=1798"},{"taxonomy":"post_tag","embeddable":true,"href":"https:\/\/abuchecker.ch\/abufri\/index.php?rest_route=%2Fwp%2Fv2%2Ftags&post=1798"}],"curies":[{"name":"wp","href":"https:\/\/api.w.org\/{rel}","templated":true}]}}