{"id":1731,"date":"2020-09-22T07:28:49","date_gmt":"2020-09-22T07:28:49","guid":{"rendered":"http:\/\/abuchecker.ch\/abufri\/?p=1731"},"modified":"2020-09-22T08:00:03","modified_gmt":"2020-09-22T08:00:03","slug":"1731","status":"publish","type":"post","link":"https:\/\/abuchecker.ch\/abufri\/?p=1731","title":{"rendered":"Argumentierender Zwei-Vierschritt"},"content":{"rendered":"<h4><strong>Argumentierender Zwei-Schritt<\/strong><\/h4>\n<h4><strong>Ziele S&amp;K<\/strong><\/h4>\n<p>Die Lernenden unterscheiden Tatsache und Meinungen. Sie formulieren Argumente\/Begr\u00fcndungen zu Behauptungen. Mit treffenden Verkn\u00fcpfungsw\u00f6rtern\u00a0 verdeutlichen sie den Zusammenhang im Text und stellen inhaltliche Bez\u00fcge her.<\/p>\n<p><a href=\"https:\/\/abuchecker.ch\/abufri\/?attachment_id=1742\" rel=\"attachment wp-att-1742\">Kommentar &#8211; 2-4-Schritt &#8211; cpjm &#8211; 2020 &#8211; Politik<\/a><\/p>\n<p><a href=\"https:\/\/abuchecker.ch\/abufri\/?attachment_id=1741\" rel=\"attachment wp-att-1741\">Kommentar &#8211; \u00dcberarbeitung &#8211; Auftrag &#8211; EA<\/a><\/p>\n<p><a href=\"https:\/\/abuchecker.ch\/abufri\/?attachment_id=1739\" rel=\"attachment wp-att-1739\">Kommentar &#8211; 2-4-Schritt &#8211; cpjm &#8211; 2020<\/a><\/p>\n<p><a href=\"https:\/\/abuchecker.ch\/abufri\/?attachment_id=1740\" rel=\"attachment wp-att-1740\">Kommentar &#8211; 2-4-Schritt &#8211; L\u00f6sungen<\/a><\/p>\n<p>&nbsp;<\/p>\n","protected":false},"excerpt":{"rendered":"<p>Argumentierender Zwei-Schritt Ziele S&amp;K Die Lernenden unterscheiden Tatsache und Meinungen. Sie formulieren Argumente\/Begr\u00fcndungen zu Behauptungen. Mit treffenden Verkn\u00fcpfungsw\u00f6rtern\u00a0 verdeutlichen sie&hellip;<\/p>\n","protected":false},"author":1,"featured_media":0,"comment_status":"open","ping_status":"open","sticky":false,"template":"","format":"standard","meta":{"footnotes":""},"categories":[35,36],"tags":[],"class_list":["post-1731","post","type-post","status-publish","format-standard","hentry","category-sprache-und-kommunikation","category-sprache_debattieren"],"_links":{"self":[{"href":"https:\/\/abuchecker.ch\/abufri\/index.php?rest_route=\/wp\/v2\/posts\/1731","targetHints":{"allow":["GET"]}}],"collection":[{"href":"https:\/\/abuchecker.ch\/abufri\/index.php?rest_route=\/wp\/v2\/posts"}],"about":[{"href":"https:\/\/abuchecker.ch\/abufri\/index.php?rest_route=\/wp\/v2\/types\/post"}],"author":[{"embeddable":true,"href":"https:\/\/abuchecker.ch\/abufri\/index.php?rest_route=\/wp\/v2\/users\/1"}],"replies":[{"embeddable":true,"href":"https:\/\/abuchecker.ch\/abufri\/index.php?rest_route=%2Fwp%2Fv2%2Fcomments&post=1731"}],"version-history":[{"count":8,"href":"https:\/\/abuchecker.ch\/abufri\/index.php?rest_route=\/wp\/v2\/posts\/1731\/revisions"}],"predecessor-version":[{"id":2072,"href":"https:\/\/abuchecker.ch\/abufri\/index.php?rest_route=\/wp\/v2\/posts\/1731\/revisions\/2072"}],"wp:attachment":[{"href":"https:\/\/abuchecker.ch\/abufri\/index.php?rest_route=%2Fwp%2Fv2%2Fmedia&parent=1731"}],"wp:term":[{"taxonomy":"category","embeddable":true,"href":"https:\/\/abuchecker.ch\/abufri\/index.php?rest_route=%2Fwp%2Fv2%2Fcategories&post=1731"},{"taxonomy":"post_tag","embeddable":true,"href":"https:\/\/abuchecker.ch\/abufri\/index.php?rest_route=%2Fwp%2Fv2%2Ftags&post=1731"}],"curies":[{"name":"wp","href":"https:\/\/api.w.org\/{rel}","templated":true}]}}