{"id":1646,"date":"2020-09-07T08:14:02","date_gmt":"2020-09-07T08:14:02","guid":{"rendered":"http:\/\/abuchecker.ch\/abufri\/?p=1646"},"modified":"2020-09-07T08:14:14","modified_gmt":"2020-09-07T08:14:14","slug":"ueber-diese-fuenf-vorlagen-stimmen-wir-am-27-september-ab","status":"publish","type":"post","link":"https:\/\/abuchecker.ch\/abufri\/?p=1646","title":{"rendered":"\u00dcber diese f\u00fcnf Vorlagen stimmen wir am 27. September ab."},"content":{"rendered":"<p>Die Abstimmungen stehen vor der T\u00fcr. Hier findest du einen Artikel v. Tagesanzeiger, welcher die 5 Themen erkl\u00e4rt und die wichtigsten Argumente der Bef\u00fcrworter und Gegner darstellt.<\/p>\n<ul>\n<li><a href=\"https:\/\/abuchecker.ch\/abufri\/wp-content\/uploads\/2020\/09\/abstimmungsvorlagen-27.09.20.pdf\">Der Tagesanzeiger vom 5.9.20<\/a> stellt alle Vorlagen in einer Tabelle dar.<\/li>\n<li><a href=\"https:\/\/www.admin.ch\/gov\/de\/start\/dokumentation\/abstimmungen\/20200927.html\">Erk\u00e4rvideos v. Bundesamt\u00a0<\/a><\/li>\n<li><a href=\"https:\/\/www.easyvote.ch\/de\/abstimmungen\/27-9-20\">Erkl\u00e4rvideos von Easyvote<\/a><\/li>\n<\/ul>\n<p>&nbsp;<\/p>\n","protected":false},"excerpt":{"rendered":"<p>Die Abstimmungen stehen vor der T\u00fcr. Hier findest du einen Artikel v. Tagesanzeiger, welcher die 5 Themen erkl\u00e4rt und die&hellip;<\/p>\n","protected":false},"author":1,"featured_media":1651,"comment_status":"open","ping_status":"open","sticky":false,"template":"","format":"standard","meta":{"footnotes":""},"categories":[2,3,4,182,14,31],"tags":[],"class_list":["post-1646","post","type-post","status-publish","format-standard","has-post-thumbnail","hentry","category-1-lehrjahr","category-2-lehrjahr","category-3-lehrjahr","category-abstimmungen","category-demokratie","category-politik_meinungsbildung"],"_links":{"self":[{"href":"https:\/\/abuchecker.ch\/abufri\/index.php?rest_route=\/wp\/v2\/posts\/1646","targetHints":{"allow":["GET"]}}],"collection":[{"href":"https:\/\/abuchecker.ch\/abufri\/index.php?rest_route=\/wp\/v2\/posts"}],"about":[{"href":"https:\/\/abuchecker.ch\/abufri\/index.php?rest_route=\/wp\/v2\/types\/post"}],"author":[{"embeddable":true,"href":"https:\/\/abuchecker.ch\/abufri\/index.php?rest_route=\/wp\/v2\/users\/1"}],"replies":[{"embeddable":true,"href":"https:\/\/abuchecker.ch\/abufri\/index.php?rest_route=%2Fwp%2Fv2%2Fcomments&post=1646"}],"version-history":[{"count":3,"href":"https:\/\/abuchecker.ch\/abufri\/index.php?rest_route=\/wp\/v2\/posts\/1646\/revisions"}],"predecessor-version":[{"id":1652,"href":"https:\/\/abuchecker.ch\/abufri\/index.php?rest_route=\/wp\/v2\/posts\/1646\/revisions\/1652"}],"wp:featuredmedia":[{"embeddable":true,"href":"https:\/\/abuchecker.ch\/abufri\/index.php?rest_route=\/wp\/v2\/media\/1651"}],"wp:attachment":[{"href":"https:\/\/abuchecker.ch\/abufri\/index.php?rest_route=%2Fwp%2Fv2%2Fmedia&parent=1646"}],"wp:term":[{"taxonomy":"category","embeddable":true,"href":"https:\/\/abuchecker.ch\/abufri\/index.php?rest_route=%2Fwp%2Fv2%2Fcategories&post=1646"},{"taxonomy":"post_tag","embeddable":true,"href":"https:\/\/abuchecker.ch\/abufri\/index.php?rest_route=%2Fwp%2Fv2%2Ftags&post=1646"}],"curies":[{"name":"wp","href":"https:\/\/api.w.org\/{rel}","templated":true}]}}