{"id":1096,"date":"2019-10-17T12:12:09","date_gmt":"2019-10-17T12:12:09","guid":{"rendered":"http:\/\/abuchecker.ch\/abufri\/?p=1096"},"modified":"2021-10-12T10:57:13","modified_gmt":"2021-10-12T10:57:13","slug":"wo-kommt-das-komma-hin","status":"publish","type":"post","link":"https:\/\/abuchecker.ch\/abufri\/?p=1096","title":{"rendered":"Wo kommt das Komma hin?"},"content":{"rendered":"<p>Kommasetzung<\/p>\n<p><strong>Ziel S&amp;K:<\/strong><\/p>\n<p>Die\/Der Lernende kann<\/p>\n<ul>\n<li><span lang=\"DE-CH\">S\u00e4tze mit Verben und mit ihren zugeh\u00f6rigen Wortgruppen oder Mitspielern erkennen.<\/span><\/li>\n<li><span lang=\"DE-CH\">S\u00e4tze , auch Teils\u00e4tze\u00a0 mit einem Satzzeichen voneinander trennen.<\/span><\/li>\n<\/ul>\n<p><span lang=\"DE-CH\">\u00a0<\/span><\/p>\n<ul>\n<li><a href=\"https:\/\/abuchecker.ch\/abufri\/?attachment_id=1021\" rel=\"attachment wp-att-1021\">Kommasetzung &#8211; Theorie<\/a><\/li>\n<li><a href=\"https:\/\/abuchecker.ch\/abufri\/?attachment_id=1020\" rel=\"attachment wp-att-1020\">Kommasetzun &#8211; \u00dcbung<\/a><\/li>\n<li><a href=\"https:\/\/abuchecker.ch\/abufri\/?attachment_id=1022\" rel=\"attachment wp-att-1022\">Kommasetzung &#8211; \u00dc-bung &#8211; L\u00f6sung<\/a><\/li>\n<\/ul>\n","protected":false},"excerpt":{"rendered":"<p>Kommasetzung Ziel S&amp;K: Die\/Der Lernende kann S\u00e4tze mit Verben und mit ihren zugeh\u00f6rigen Wortgruppen oder Mitspielern erkennen. S\u00e4tze , auch&hellip;<\/p>\n","protected":false},"author":1,"featured_media":0,"comment_status":"open","ping_status":"open","sticky":false,"template":"","format":"standard","meta":{"footnotes":""},"categories":[2,35],"tags":[],"class_list":["post-1096","post","type-post","status-publish","format-standard","hentry","category-1-lehrjahr","category-sprache-und-kommunikation"],"_links":{"self":[{"href":"https:\/\/abuchecker.ch\/abufri\/index.php?rest_route=\/wp\/v2\/posts\/1096","targetHints":{"allow":["GET"]}}],"collection":[{"href":"https:\/\/abuchecker.ch\/abufri\/index.php?rest_route=\/wp\/v2\/posts"}],"about":[{"href":"https:\/\/abuchecker.ch\/abufri\/index.php?rest_route=\/wp\/v2\/types\/post"}],"author":[{"embeddable":true,"href":"https:\/\/abuchecker.ch\/abufri\/index.php?rest_route=\/wp\/v2\/users\/1"}],"replies":[{"embeddable":true,"href":"https:\/\/abuchecker.ch\/abufri\/index.php?rest_route=%2Fwp%2Fv2%2Fcomments&post=1096"}],"version-history":[{"count":3,"href":"https:\/\/abuchecker.ch\/abufri\/index.php?rest_route=\/wp\/v2\/posts\/1096\/revisions"}],"predecessor-version":[{"id":2145,"href":"https:\/\/abuchecker.ch\/abufri\/index.php?rest_route=\/wp\/v2\/posts\/1096\/revisions\/2145"}],"wp:attachment":[{"href":"https:\/\/abuchecker.ch\/abufri\/index.php?rest_route=%2Fwp%2Fv2%2Fmedia&parent=1096"}],"wp:term":[{"taxonomy":"category","embeddable":true,"href":"https:\/\/abuchecker.ch\/abufri\/index.php?rest_route=%2Fwp%2Fv2%2Fcategories&post=1096"},{"taxonomy":"post_tag","embeddable":true,"href":"https:\/\/abuchecker.ch\/abufri\/index.php?rest_route=%2Fwp%2Fv2%2Ftags&post=1096"}],"curies":[{"name":"wp","href":"https:\/\/api.w.org\/{rel}","templated":true}]}}