{"id":1090,"date":"2019-10-17T12:04:40","date_gmt":"2019-10-17T12:04:40","guid":{"rendered":"http:\/\/abuchecker.ch\/abufri\/?p=1090"},"modified":"2021-10-12T11:04:25","modified_gmt":"2021-10-12T11:04:25","slug":"satzbaumuster-fuer-die-konjunktion-dass","status":"publish","type":"post","link":"https:\/\/abuchecker.ch\/abufri\/?p=1090","title":{"rendered":"Satzbaumuster f\u00fcr die Konjunktion dass"},"content":{"rendered":"<p><strong>Ziele S&amp;K<\/strong><\/p>\n<p>Die\/Der\u00a0 Lernende kann<\/p>\n<ul>\n<li><span style=\"color: #000000;\"><span lang=\"DE-CH\"><span style=\"font-family: Calibri;\">mindestens 10 Verben aufz\u00e4hlen, die zum Satzbaumuster f\u00fcr die Konjunktion \u00abdass\u00bb passen.<\/span><\/span><\/span><\/li>\n<li><span style=\"color: #000000;\"><span lang=\"DE-CH\"><span style=\"font-family: Calibri;\">\u00a0eigene \u00abdass\u00bb-S\u00e4tze zu einem bestimmten Thema korrekt formulieren und m\u00f6glichst fehlerfrei und mit den vorgegebenen Farben und Markierungen aufschreiben.<\/span><\/span><\/span><\/li>\n<li><span style=\"color: #000000;\"><span lang=\"DE-CH\"><span style=\"font-family: Calibri;\">\u00a0das Pr\u00fcfinstrument \u00abTeils\u00e4tze austauschen\u00bb korrekt anwenden, in dem er mit Farben und Markierungen arbeitet.<\/span><\/span><\/span><\/li>\n<li><span style=\"color: #000000;\"><span lang=\"DE-CH\"><span style=\"font-family: Calibri;\">\u00a0vorgegebene \u00abdass\u00bb-S\u00e4tze \u00fcberpr\u00fcfen und entscheiden, ob sie korrekt sind.<\/span><\/span><\/span><\/li>\n<\/ul>\n<p>&nbsp;<\/p>\n<ul>\n<li><span style=\"color: #008000;\"><a style=\"color: #008000;\" href=\"https:\/\/abuchecker.ch\/abufri\/?attachment_id=1084\" rel=\"attachment wp-att-1084\">dass<\/a><\/span><\/li>\n<li><span style=\"color: #008000;\"><a style=\"color: #008000;\" href=\"https:\/\/abuchecker.ch\/abufri\/?attachment_id=1052\" rel=\"attachment wp-att-1052\">Satzbaumuster f\u00fcr die Konjunktion dass &#8211; Br\u00fccken<\/a><\/span><\/li>\n<li><span style=\"color: #008000;\"><a style=\"color: #008000;\" href=\"https:\/\/abuchecker.ch\/abufri\/?attachment_id=1051\" rel=\"attachment wp-att-1051\">Pr\u00fcfung &#8211; LZ<\/a><\/span><\/li>\n<li><span style=\"color: #008000;\"><a style=\"color: #008000;\" href=\"https:\/\/abuchecker.ch\/abufri\/?attachment_id=1016\" rel=\"attachment wp-att-1016\">P Gross-Kleinschreibung &#8211; dass<\/a><\/span><\/li>\n<li><span style=\"color: #008000;\"><a style=\"color: #008000;\" href=\"https:\/\/abuchecker.ch\/abufri\/?attachment_id=1050\" rel=\"attachment wp-att-1050\">P Gross-Kleinschreibung &#8211; dass &#8211; L<\/a><\/span><\/li>\n<\/ul>\n<p>&nbsp;<\/p>\n<p>&nbsp;<\/p>\n<p>&nbsp;<\/p>\n","protected":false},"excerpt":{"rendered":"<p>Ziele S&amp;K Die\/Der\u00a0 Lernende kann mindestens 10 Verben aufz\u00e4hlen, die zum Satzbaumuster f\u00fcr die Konjunktion \u00abdass\u00bb passen. \u00a0eigene \u00abdass\u00bb-S\u00e4tze zu&hellip;<\/p>\n","protected":false},"author":1,"featured_media":0,"comment_status":"open","ping_status":"open","sticky":false,"template":"","format":"standard","meta":{"footnotes":""},"categories":[35],"tags":[],"class_list":["post-1090","post","type-post","status-publish","format-standard","hentry","category-sprache-und-kommunikation"],"_links":{"self":[{"href":"https:\/\/abuchecker.ch\/abufri\/index.php?rest_route=\/wp\/v2\/posts\/1090","targetHints":{"allow":["GET"]}}],"collection":[{"href":"https:\/\/abuchecker.ch\/abufri\/index.php?rest_route=\/wp\/v2\/posts"}],"about":[{"href":"https:\/\/abuchecker.ch\/abufri\/index.php?rest_route=\/wp\/v2\/types\/post"}],"author":[{"embeddable":true,"href":"https:\/\/abuchecker.ch\/abufri\/index.php?rest_route=\/wp\/v2\/users\/1"}],"replies":[{"embeddable":true,"href":"https:\/\/abuchecker.ch\/abufri\/index.php?rest_route=%2Fwp%2Fv2%2Fcomments&post=1090"}],"version-history":[{"count":5,"href":"https:\/\/abuchecker.ch\/abufri\/index.php?rest_route=\/wp\/v2\/posts\/1090\/revisions"}],"predecessor-version":[{"id":2148,"href":"https:\/\/abuchecker.ch\/abufri\/index.php?rest_route=\/wp\/v2\/posts\/1090\/revisions\/2148"}],"wp:attachment":[{"href":"https:\/\/abuchecker.ch\/abufri\/index.php?rest_route=%2Fwp%2Fv2%2Fmedia&parent=1090"}],"wp:term":[{"taxonomy":"category","embeddable":true,"href":"https:\/\/abuchecker.ch\/abufri\/index.php?rest_route=%2Fwp%2Fv2%2Fcategories&post=1090"},{"taxonomy":"post_tag","embeddable":true,"href":"https:\/\/abuchecker.ch\/abufri\/index.php?rest_route=%2Fwp%2Fv2%2Ftags&post=1090"}],"curies":[{"name":"wp","href":"https:\/\/api.w.org\/{rel}","templated":true}]}}