{"id":1068,"date":"2019-10-17T11:51:19","date_gmt":"2019-10-17T11:51:19","guid":{"rendered":"http:\/\/abuchecker.ch\/abufri\/?p=1068"},"modified":"2019-10-17T11:52:42","modified_gmt":"2019-10-17T11:52:42","slug":"3-platz-regel-zur-konsonantenverdoppelung","status":"publish","type":"post","link":"https:\/\/abuchecker.ch\/abufri\/?p=1068","title":{"rendered":"3-Platz-Regel zur Konsonantenverdoppelung"},"content":{"rendered":"<p><strong>Ziele S&amp;K<\/strong><\/p>\n<p>Die Lernenden k\u00f6nnen mithilfe der 3-Platz-Regel zur Konsonantenverdoppelung W\u00f6rter \u00fcberpr\u00fcfen, dieses Instrument in (eigenen) Texten korrekt anwenden und damit in Briefen und Mails ihre Fehlerquote deutlich reduzieren.<\/p>\n<ul>\n<li><a href=\"https:\/\/abuchecker.ch\/abufri\/wp-content\/uploads\/2019\/10\/3-Platz-Regel-\u00dcbungen-1.docx\">3-Platz-Regel &#8211; \u00dcbungen<\/a><\/li>\n<li><a href=\"https:\/\/abuchecker.ch\/abufri\/wp-content\/uploads\/2019\/10\/3-Platz-Regel-B\u00e4nke-mit-W-1.docx\">3-Platz-Regel-B\u00e4nke mit W<\/a><\/li>\n<li><a href=\"https:\/\/abuchecker.ch\/abufri\/wp-content\/uploads\/2019\/10\/3-Platz-Regel-B\u00e4nke-AB-1.docx\">3-Platz-Regel-B\u00e4nke-AB<\/a><\/li>\n<li><a href=\"https:\/\/abuchecker.ch\/abufri\/wp-content\/uploads\/2019\/10\/3-Platz-Regel-Haftpflicht-AB-1.docx\">3-Platz-Regel-Haftpflicht-AB<\/a><\/li>\n<li><a href=\"https:\/\/abuchecker.ch\/abufri\/wp-content\/uploads\/2019\/10\/3-Platz-Regel-me-cp-annotiert-rb-AB-1.docx\">3-Platz-Regel-me-cp-annotiert-rb-AB<\/a><\/li>\n<li><a href=\"https:\/\/abuchecker.ch\/abufri\/wp-content\/uploads\/2019\/10\/3-Platz-Regel-me-cp-L\u00f6sungen-AB-1.docx\">3-Platz-Regel-me-cp-L\u00f6sungen-AB<\/a><\/li>\n<li><a href=\"https:\/\/abuchecker.ch\/abufri\/wp-content\/uploads\/2019\/10\/3-Platz-Regel-Tabelle-1.docx\">3-Platz-Regel-Tabelle<\/a><\/li>\n<li><a href=\"https:\/\/abuchecker.ch\/abufri\/wp-content\/uploads\/2019\/10\/Morpheme-Wortstamm-1.docx\">Morpheme-Wortstamm<\/a><\/li>\n<li><a href=\"https:\/\/abuchecker.ch\/abufri\/wp-content\/uploads\/2019\/10\/\u00dcbungen-1-1.docx\">\u00dcbungen 1<\/a><\/li>\n<li><a href=\"https:\/\/abuchecker.ch\/abufri\/wp-content\/uploads\/2019\/10\/\u00dcbungen-2-1.docx\">\u00dcbungen 2<\/a><\/li>\n<li><a href=\"https:\/\/abuchecker.ch\/abufri\/wp-content\/uploads\/2019\/10\/\u00dcbungen-3-1.docx\">\u00dcbungen 3<\/a><\/li>\n<li><a href=\"https:\/\/abuchecker.ch\/abufri\/wp-content\/uploads\/2019\/10\/Vokale-Konsonanten-AB-1.docx\">Vokale &#8211; Konsonanten-AB<\/a><\/li>\n<\/ul>\n<p>&nbsp;<\/p>\n","protected":false},"excerpt":{"rendered":"<p>Ziele S&amp;K Die Lernenden k\u00f6nnen mithilfe der 3-Platz-Regel zur Konsonantenverdoppelung W\u00f6rter \u00fcberpr\u00fcfen, dieses Instrument in (eigenen) Texten korrekt anwenden und&hellip;<\/p>\n","protected":false},"author":1,"featured_media":0,"comment_status":"open","ping_status":"open","sticky":false,"template":"","format":"standard","meta":{"footnotes":""},"categories":[3,35,43],"tags":[],"class_list":["post-1068","post","type-post","status-publish","format-standard","hentry","category-2-lehrjahr","category-sprache-und-kommunikation","category-wirtschaft_konsum"],"_links":{"self":[{"href":"https:\/\/abuchecker.ch\/abufri\/index.php?rest_route=\/wp\/v2\/posts\/1068","targetHints":{"allow":["GET"]}}],"collection":[{"href":"https:\/\/abuchecker.ch\/abufri\/index.php?rest_route=\/wp\/v2\/posts"}],"about":[{"href":"https:\/\/abuchecker.ch\/abufri\/index.php?rest_route=\/wp\/v2\/types\/post"}],"author":[{"embeddable":true,"href":"https:\/\/abuchecker.ch\/abufri\/index.php?rest_route=\/wp\/v2\/users\/1"}],"replies":[{"embeddable":true,"href":"https:\/\/abuchecker.ch\/abufri\/index.php?rest_route=%2Fwp%2Fv2%2Fcomments&post=1068"}],"version-history":[{"count":2,"href":"https:\/\/abuchecker.ch\/abufri\/index.php?rest_route=\/wp\/v2\/posts\/1068\/revisions"}],"predecessor-version":[{"id":1083,"href":"https:\/\/abuchecker.ch\/abufri\/index.php?rest_route=\/wp\/v2\/posts\/1068\/revisions\/1083"}],"wp:attachment":[{"href":"https:\/\/abuchecker.ch\/abufri\/index.php?rest_route=%2Fwp%2Fv2%2Fmedia&parent=1068"}],"wp:term":[{"taxonomy":"category","embeddable":true,"href":"https:\/\/abuchecker.ch\/abufri\/index.php?rest_route=%2Fwp%2Fv2%2Fcategories&post=1068"},{"taxonomy":"post_tag","embeddable":true,"href":"https:\/\/abuchecker.ch\/abufri\/index.php?rest_route=%2Fwp%2Fv2%2Ftags&post=1068"}],"curies":[{"name":"wp","href":"https:\/\/api.w.org\/{rel}","templated":true}]}}